{"id":9950,"date":"2021-11-15T08:46:37","date_gmt":"2021-11-15T07:46:37","guid":{"rendered":"https:\/\/letempsmag.ma\/?p=9950"},"modified":"2021-11-15T08:46:38","modified_gmt":"2021-11-15T07:46:38","slug":"69-nouveaux-cas-au-maroc-en-24-heures-et-948-226-cas-cumules","status":"publish","type":"post","link":"https:\/\/letempsmag.ma\/?p=9950","title":{"rendered":"69 nouveaux cas au Maroc en 24 heures et 948.226 cas cumul\u00e9s"},"content":{"rendered":"\n<p>Le Centre national des op\u00e9rations d&#8217;urgence de sant\u00e9 publique au minist\u00e8re de la Sant\u00e9 a annonc\u00e9, hier dimanche \u00e0 16h, 69 nouveaux cas de \u00abCovid-19\u00bb, enregistr\u00e9s \u00e0 travers le Maroc, ce qui porte le bilan national cumul\u00e9 \u00e0 948.226 cas confirm\u00e9s depuis la premi\u00e8re infection enregistr\u00e9e le 2 mars 2020.<\/p>\n\n\n\n<p>Le minist\u00e8re signale par ailleurs que le nombre de personnes totalement r\u00e9tablies s\u2019\u00e9l\u00e8ve \u00e0 930.012 tandis que le nombre de d\u00e9c\u00e8s atteint 14.743 victimes.<\/p>\n\n\n\n<p>Les nouvelles contaminations ont \u00e9t\u00e9 enregistr\u00e9es dans les r\u00e9gions de Casablanca-Settat (30 cas), Rabat-Sal\u00e9-K\u00e9nitra (22), Tanger-T\u00e9touan-Al Hoceima (7), l&#8217;Oriental (4), Souss-Massa (2), Marrakech-Safi (1), Dakhla-Oued Eddahab (1), La\u00e2youne-Sakia El Hamra (1) et F\u00e8s-Mekn\u00e8s (1).<\/p>\n\n\n\n<p>Pr\u00e9cisons que la campagne nationale de vaccination est \u00e9largie aux jeunes \u00e2g\u00e9s entre 12 et 17 ans ainsi qu\u2019aux personnes atteintes de maladies chroniques, annonce le minist\u00e8re de la Sant\u00e9.<\/p>\n\n\n\n<p>Pr\u00e9cisons aussi qu\u2019\u00e0 la date d\u2019hier, 24.360.793 personnes ont \u00e9t\u00e9 vaccin\u00e9es contre le \u00abCovid-19\u00bb \u00e0 travers le Maroc dans le cadre de la premi\u00e8re dose, 22.393.250 personnes dans le cadre de la deuxi\u00e8me dose et 1.571.072 personnes dans le cadre de la troisi\u00e8me dose.<\/p>\n\n\n\n<p><strong>M. E.<\/strong><\/p>\n","protected":false},"excerpt":{"rendered":"<p>Le Centre national des op\u00e9rations d&#8217;urgence de sant\u00e9 publique au minist\u00e8re de la Sant\u00e9 a annonc\u00e9, hier dimanche \u00e0 16h, 69 nouveaux cas de \u00abCovid-19\u00bb, enregistr\u00e9s \u00e0 travers le Maroc, ce qui porte le bilan national cumul\u00e9 \u00e0 948.226 cas confirm\u00e9s depuis la premi\u00e8re infection enregistr\u00e9e le 2 mars 2020. Le minist\u00e8re signale par ailleurs &hellip;<\/p>\n","protected":false},"author":9,"featured_media":9952,"comment_status":"open","ping_status":"closed","sticky":false,"template":"","format":"standard","meta":{"footnotes":""},"categories":[168],"tags":[],"class_list":["post-9950","post","type-post","status-publish","format-standard","has-post-thumbnail","hentry","category-pandemie-2"],"_links":{"self":[{"href":"https:\/\/letempsmag.ma\/index.php?rest_route=\/wp\/v2\/posts\/9950","targetHints":{"allow":["GET"]}}],"collection":[{"href":"https:\/\/letempsmag.ma\/index.php?rest_route=\/wp\/v2\/posts"}],"about":[{"href":"https:\/\/letempsmag.ma\/index.php?rest_route=\/wp\/v2\/types\/post"}],"author":[{"embeddable":true,"href":"https:\/\/letempsmag.ma\/index.php?rest_route=\/wp\/v2\/users\/9"}],"replies":[{"embeddable":true,"href":"https:\/\/letempsmag.ma\/index.php?rest_route=%2Fwp%2Fv2%2Fcomments&post=9950"}],"version-history":[{"count":1,"href":"https:\/\/letempsmag.ma\/index.php?rest_route=\/wp\/v2\/posts\/9950\/revisions"}],"predecessor-version":[{"id":9953,"href":"https:\/\/letempsmag.ma\/index.php?rest_route=\/wp\/v2\/posts\/9950\/revisions\/9953"}],"wp:featuredmedia":[{"embeddable":true,"href":"https:\/\/letempsmag.ma\/index.php?rest_route=\/wp\/v2\/media\/9952"}],"wp:attachment":[{"href":"https:\/\/letempsmag.ma\/index.php?rest_route=%2Fwp%2Fv2%2Fmedia&parent=9950"}],"wp:term":[{"taxonomy":"category","embeddable":true,"href":"https:\/\/letempsmag.ma\/index.php?rest_route=%2Fwp%2Fv2%2Fcategories&post=9950"},{"taxonomy":"post_tag","embeddable":true,"href":"https:\/\/letempsmag.ma\/index.php?rest_route=%2Fwp%2Fv2%2Ftags&post=9950"}],"curies":[{"name":"wp","href":"https:\/\/api.w.org\/{rel}","templated":true}]}}