{"id":9935,"date":"2021-11-15T08:41:31","date_gmt":"2021-11-15T07:41:31","guid":{"rendered":"https:\/\/letempsmag.ma\/?p=9935"},"modified":"2021-11-15T08:41:32","modified_gmt":"2021-11-15T07:41:32","slug":"corps-confines-esprits-et-coeurs-liberes-une-belle-reflexion-communautaire-a-tanger","status":"publish","type":"post","link":"https:\/\/letempsmag.ma\/?p=9935","title":{"rendered":"\u00abCorps confin\u00e9s, esprits et c\u0153urs lib\u00e9r\u00e9s\u00bb, une belle r\u00e9flexion communautaire \u00e0 Tanger"},"content":{"rendered":"\n<p>L&#8217;Institut Fran\u00e7ais de Tanger-T\u00e9touan a organis\u00e9, samedi dernier, une journ\u00e9e de r\u00e9flexion sous le th\u00e8me \u00abCorps confin\u00e9s, esprits et c\u0153urs lib\u00e9r\u00e9s\u00bb, visant \u00e0 se lib\u00e9rer des contraintes li\u00e9es \u00e0 la pand\u00e9mie, \u00e0 travers diff\u00e9rentes expressions artistiques. Organis\u00e9e en partenariat avec l&#8217;Association Tanger R\u00e9gion Action Culturelle, cette belle manifestation, qui s&#8217;est d\u00e9roul\u00e9e de 10h \u00e0 20h au Technopark de Tanger, avait pour but d\u2019impulser une dynamique nouvelle au Salon du Livre et des Arts de Tanger, dont les 24<sup>\u00e8me<\/sup> et 25<sup>\u00e8me<\/sup> \u00e9ditions n\u2019ont pu se tenir en raison de la pand\u00e9mie du coronavirus. En effet, Olivier Galan, Directeur de l&#8217;Institut, a indiqu\u00e9 que ce dernier n\u2019a pas pu organiser le Salon du Livre cette ann\u00e9e, mais a souhait\u00e9 maintenir une dynamique, d\u2019o\u00f9 l\u2019organisation de cette journ\u00e9e de r\u00e9flexion autour de la pand\u00e9mie avec trois tables-rondes et des d\u00e9bats de faute facture<\/p>\n\n\n\n<p>La premi\u00e8re table-ronde de l\u2019\u00e9v\u00e9nement s\u2019est pench\u00e9e sur les incidences de la pand\u00e9mie sur le secteur culturel, tandis que la deuxi\u00e8me a port\u00e9e sur une approche plus soci\u00e9tale de l\u2019impact de la pand\u00e9mie sur l\u2019\u00e9conomie et sur les relations entre les personnes et leur mobilit\u00e9, alors que la troisi\u00e8me a \u00e9t\u00e9 consacr\u00e9e \u00e0 l\u2019apr\u00e8s-pand\u00e9mie. Olivier Galan a estim\u00e9, dans une d\u00e9claration \u00e0 la MAP, que ces sujets sont riches et que les exp\u00e9riences d\u00e9voil\u00e9es lors des d\u00e9bats et des \u00e9changes sont diff\u00e9rentes et tr\u00e8s \u00e9clairantes.<\/p>\n\n\n\n<p>Pour sa part, Larbi Rmiki, Pr\u00e9sident de l&#8217;Association Tanger R\u00e9gion Action Culturelle, a expliqu\u00e9 que cette journ\u00e9e a \u00e9t\u00e9 \u00abun v\u00e9ritable marathon\u00bb avec des tables-rondes consistantes traitant des effets post-\u00abCovid-19\u00bb, des spectacles et des s\u00e9ances de lecture. \u00abPuisque nous n\u2019avons pas pu organiser le Salon du Livre cette ann\u00e9e, nous avons cr\u00e9\u00e9 une sorte de concentr\u00e9, durant cette journ\u00e9e de r\u00e9flexion\u00bb, a indiqu\u00e9 Larbi Rmiki au micro de la MAP, notant que c\u2019est \u00e9galement \u00abune fa\u00e7on de dire que 2022 sera notre ann\u00e9e pour organiser le Salon du Livre avec la m\u00eame dynamique et le m\u00eame contenu, en invitant le maximum d\u2019intervenants, d\u2019\u00e9crivains, d\u2019\u00e9conomistes et d\u2019artistes\u00bb.<\/p>\n","protected":false},"excerpt":{"rendered":"<p>L&#8217;Institut Fran\u00e7ais de Tanger-T\u00e9touan a organis\u00e9, samedi dernier, une journ\u00e9e de r\u00e9flexion sous le th\u00e8me \u00abCorps confin\u00e9s, esprits et c\u0153urs lib\u00e9r\u00e9s\u00bb, visant \u00e0 se lib\u00e9rer des contraintes li\u00e9es \u00e0 la pand\u00e9mie, \u00e0 travers diff\u00e9rentes expressions artistiques. Organis\u00e9e en partenariat avec l&#8217;Association Tanger R\u00e9gion Action Culturelle, cette belle manifestation, qui s&#8217;est d\u00e9roul\u00e9e de 10h \u00e0 20h &hellip;<\/p>\n","protected":false},"author":9,"featured_media":9936,"comment_status":"open","ping_status":"closed","sticky":false,"template":"","format":"standard","meta":{"footnotes":""},"categories":[490],"tags":[],"class_list":["post-9935","post","type-post","status-publish","format-standard","has-post-thumbnail","hentry","category-happening"],"_links":{"self":[{"href":"https:\/\/letempsmag.ma\/index.php?rest_route=\/wp\/v2\/posts\/9935","targetHints":{"allow":["GET"]}}],"collection":[{"href":"https:\/\/letempsmag.ma\/index.php?rest_route=\/wp\/v2\/posts"}],"about":[{"href":"https:\/\/letempsmag.ma\/index.php?rest_route=\/wp\/v2\/types\/post"}],"author":[{"embeddable":true,"href":"https:\/\/letempsmag.ma\/index.php?rest_route=\/wp\/v2\/users\/9"}],"replies":[{"embeddable":true,"href":"https:\/\/letempsmag.ma\/index.php?rest_route=%2Fwp%2Fv2%2Fcomments&post=9935"}],"version-history":[{"count":1,"href":"https:\/\/letempsmag.ma\/index.php?rest_route=\/wp\/v2\/posts\/9935\/revisions"}],"predecessor-version":[{"id":9937,"href":"https:\/\/letempsmag.ma\/index.php?rest_route=\/wp\/v2\/posts\/9935\/revisions\/9937"}],"wp:featuredmedia":[{"embeddable":true,"href":"https:\/\/letempsmag.ma\/index.php?rest_route=\/wp\/v2\/media\/9936"}],"wp:attachment":[{"href":"https:\/\/letempsmag.ma\/index.php?rest_route=%2Fwp%2Fv2%2Fmedia&parent=9935"}],"wp:term":[{"taxonomy":"category","embeddable":true,"href":"https:\/\/letempsmag.ma\/index.php?rest_route=%2Fwp%2Fv2%2Fcategories&post=9935"},{"taxonomy":"post_tag","embeddable":true,"href":"https:\/\/letempsmag.ma\/index.php?rest_route=%2Fwp%2Fv2%2Ftags&post=9935"}],"curies":[{"name":"wp","href":"https:\/\/api.w.org\/{rel}","templated":true}]}}