{"id":9932,"date":"2021-11-15T08:39:47","date_gmt":"2021-11-15T07:39:47","guid":{"rendered":"https:\/\/letempsmag.ma\/?p=9932"},"modified":"2021-11-15T08:39:48","modified_gmt":"2021-11-15T07:39:48","slug":"tibu-maroc-organise-une-course-solidaire-pour-soutenir-lemployabilite-des-jeunes","status":"publish","type":"post","link":"https:\/\/letempsmag.ma\/?p=9932","title":{"rendered":"TIBU Maroc organise une course solidaire pour soutenir l&#8217;employabilit\u00e9 des jeunes"},"content":{"rendered":"\n<p>Une course solidaire sur un parcours de 5 km a \u00e9t\u00e9 organis\u00e9e, hier dimanche \u00e0 Casablanca, \u00e0 l&#8217;initiative de l\u2019Association TIBU Maroc. L\u2019objectif&nbsp;: promouvoir l&#8217;employabilit\u00e9 des jeunes issus des zones d\u00e9favoris\u00e9es. Tenue \u00e0 A\u00efn Seba\u00e2, cette course s&#8217;inscrivait dans le cadre des activit\u00e9s de plaidoyer de TIBU Maroc, principale organisation au Maroc qui utilise la force du sport pour promouvoir des projets de coh\u00e9sion sociale, d&#8217;\u00e9ducation et d&#8217;employabilit\u00e9 des jeunes issus des zones d\u00e9favoris\u00e9es. L\u2019\u00e9v\u00e9nement visait \u00e0 plaider pour des mesures concr\u00e8tes en faveur de l&#8217;emploi des jeunes en situation de NEET \u00abNot in Employment, Education or Training\u00bb (Ni en emploi, ni aux \u00e9tudes ou en formation).<\/p>\n\n\n\n<p>Cette belle manifestation \u00e0 caract\u00e8re sportif et social a rassembl\u00e9 des amateurs de courses, des chefs d\u2019entreprise, des d\u00e9cideurs, des diplomates, des acteurs de la soci\u00e9t\u00e9 civile, des repr\u00e9sentants des Collectivit\u00e9s territoriales et du Conseil \u00c9conomique Social et de l&#8217;Environnement, ainsi que des universitaires et des chercheurs scientifiques, en plus des b\u00e9n\u00e9ficiaires des programmes d&#8217;insertion des jeunes en situation de NEET<\/p>\n\n\n\n<p>A cette occasion, Mohamed Amine Zariat (photo), Pr\u00e9sident de TIBU Maroc, a soulign\u00e9 dans une d\u00e9claration \u00e0 la MAP qu\u2019en partenariat avec la pr\u00e9fecture d\u2019A\u00efn Seba\u00e2 et d&#8217;autres acteurs, TIBU Maroc a organis\u00e9 cette course sous le th\u00e8me \u00abCourir pour les NEETT\u00bb, pr\u00e9cisant que la manifestation a \u00e9t\u00e9 marqu\u00e9e par la participation de nombreux jeunes du Maroc, de la Tunisie, de l&#8217;Alg\u00e9rie, de la Jordanie et d\u2019Europe aussi.<\/p>\n\n\n\n<p>Rappelons que la course, qui entrait dans le cadre de la \u00abGlobal Sports Week\u00bb, se voulait un rendez permettant de plaider les causes des jeunes qui sont sans emploi, sans espoir et n\u2019ont pas d&#8217;exp\u00e9rience professionnelle. Pour sa part, Jeroen Roodenburg, Ambassadeur des Pays-Bas au Maroc, s&#8217;est dit honor\u00e9 de participer \u00e0 cette course en tant que partenaire de TIBU Maroc, soulignant que ce partenariat met l&#8217;accent sur l&#8217;importance de la r\u00e9insertion des jeunes dans la vie socio-\u00e9conomique. (Photo Hespress).<\/p>\n","protected":false},"excerpt":{"rendered":"<p>Une course solidaire sur un parcours de 5 km a \u00e9t\u00e9 organis\u00e9e, hier dimanche \u00e0 Casablanca, \u00e0 l&#8217;initiative de l\u2019Association TIBU Maroc. L\u2019objectif&nbsp;: promouvoir l&#8217;employabilit\u00e9 des jeunes issus des zones d\u00e9favoris\u00e9es. Tenue \u00e0 A\u00efn Seba\u00e2, cette course s&#8217;inscrivait dans le cadre des activit\u00e9s de plaidoyer de TIBU Maroc, principale organisation au Maroc qui utilise la &hellip;<\/p>\n","protected":false},"author":9,"featured_media":9933,"comment_status":"open","ping_status":"closed","sticky":false,"template":"","format":"standard","meta":{"footnotes":""},"categories":[227],"tags":[],"class_list":["post-9932","post","type-post","status-publish","format-standard","has-post-thumbnail","hentry","category-inclusion"],"_links":{"self":[{"href":"https:\/\/letempsmag.ma\/index.php?rest_route=\/wp\/v2\/posts\/9932","targetHints":{"allow":["GET"]}}],"collection":[{"href":"https:\/\/letempsmag.ma\/index.php?rest_route=\/wp\/v2\/posts"}],"about":[{"href":"https:\/\/letempsmag.ma\/index.php?rest_route=\/wp\/v2\/types\/post"}],"author":[{"embeddable":true,"href":"https:\/\/letempsmag.ma\/index.php?rest_route=\/wp\/v2\/users\/9"}],"replies":[{"embeddable":true,"href":"https:\/\/letempsmag.ma\/index.php?rest_route=%2Fwp%2Fv2%2Fcomments&post=9932"}],"version-history":[{"count":1,"href":"https:\/\/letempsmag.ma\/index.php?rest_route=\/wp\/v2\/posts\/9932\/revisions"}],"predecessor-version":[{"id":9934,"href":"https:\/\/letempsmag.ma\/index.php?rest_route=\/wp\/v2\/posts\/9932\/revisions\/9934"}],"wp:featuredmedia":[{"embeddable":true,"href":"https:\/\/letempsmag.ma\/index.php?rest_route=\/wp\/v2\/media\/9933"}],"wp:attachment":[{"href":"https:\/\/letempsmag.ma\/index.php?rest_route=%2Fwp%2Fv2%2Fmedia&parent=9932"}],"wp:term":[{"taxonomy":"category","embeddable":true,"href":"https:\/\/letempsmag.ma\/index.php?rest_route=%2Fwp%2Fv2%2Fcategories&post=9932"},{"taxonomy":"post_tag","embeddable":true,"href":"https:\/\/letempsmag.ma\/index.php?rest_route=%2Fwp%2Fv2%2Ftags&post=9932"}],"curies":[{"name":"wp","href":"https:\/\/api.w.org\/{rel}","templated":true}]}}