{"id":9929,"date":"2021-11-15T08:38:35","date_gmt":"2021-11-15T07:38:35","guid":{"rendered":"https:\/\/letempsmag.ma\/?p=9929"},"modified":"2021-11-15T08:38:36","modified_gmt":"2021-11-15T07:38:36","slug":"les-diabetiques-au-maroc-ont-commemore-hier-leur-journee","status":"publish","type":"post","link":"https:\/\/letempsmag.ma\/?p=9929","title":{"rendered":"Les diab\u00e9tiques au Maroc ont comm\u00e9mor\u00e9 hier leur Journ\u00e9e"},"content":{"rendered":"\n<p>A l\u2019instar de la communaut\u00e9 internationale et comme le 14 novembre de chaque ann\u00e9e, le Maroc a c\u00e9l\u00e9br\u00e9, hier dimanche, la Journ\u00e9e Mondiale du Diab\u00e8te. Le th\u00e8me choisi cette ann\u00e9e par l\u2019Organisation Mondiale de la Sant\u00e9 (OMS) et la F\u00e9d\u00e9ration Internationale du Diab\u00e8te est&nbsp;: \u00abAcc\u00e8s aux soins du diab\u00e8te\u00bb, avec comme slogan \u00abEt si ce n\u2019est pas maintenant, quand&nbsp;?\u00bb.<\/p>\n\n\n\n<p>Dans un communiqu\u00e9, le minist\u00e8re de la Sant\u00e9 et de la Protection sociale rappelle que le diab\u00e8te est un probl\u00e8me mondial en termes de sant\u00e9 publique et qu\u2019il est multifactoriel et complexe, atteignant des proportions \u00e9pid\u00e9miques inqui\u00e9tantes avec un impact social et \u00e9conomique croissant. Compte tenu du contexte particulier de la pand\u00e9mie du \u00abCovid-19\u00bb, la situation est devenue plus probl\u00e9matique encore car la l\u00e9talit\u00e9 li\u00e9e \u00e0 cette infection est significativement plus \u00e9lev\u00e9e chez les personnes porteuses de co-morbidit\u00e9s, notamment le diab\u00e8te, du fait qu\u2019elles sont susceptibles de d\u00e9velopper des formes s\u00e9v\u00e8res de \u00abCovid-19\u00bb, souligne le minist\u00e8re.<\/p>\n\n\n\n<p>Selon l\u2019enqu\u00eate nationale la plus r\u00e9cente (2018) men\u00e9e au Maroc chez les personnes adultes, on estime que 2,7 millions sont diab\u00e9tiques, dont 49% m\u00e9connaissent leur maladie et que 2,2 millions sont pr\u00e9diab\u00e9tiques, rappelle le communiqu\u00e9 minist\u00e9riel, ajoutant qu\u2019\u00e0 cela, il faudrait ajouter environ 20.000 enfants atteints de diab\u00e8te. Le minist\u00e8re en question prend en charge plus d\u2019un million de diab\u00e9tiques au niveau des \u00e9tablissements des soins de sant\u00e9 primaires. Me Minist\u00e8re rappelle par ailleurs que l\u2019adoption d\u2019un mode de vie sain peut retarder la survenue du diab\u00e8te de \u00abType 2\u00bb (hyperglyc\u00e9mie chronique), voire l\u2019\u00e9viter, expliquant que ce mode de vie repose sur une alimentation saine et \u00e9quilibr\u00e9e, une activit\u00e9 physique r\u00e9guli\u00e8re, en plus d\u2019\u00e9viter de fumer. Le diagnostic pr\u00e9coce du diab\u00e8te est important chez les personnes \u00e0 haut risque, car il permet une prise en charge rapide pour \u00e9viter les complications. La prise en charge correcte du diab\u00e8te \u00e9vite le d\u00e9veloppement des complications graves et co\u00fbteuses et diminue la mortalit\u00e9 pr\u00e9matur\u00e9e, insiste le minist\u00e8re qui rappelle que le respect des mesures barri\u00e8res contre l\u2019infection au \u00abCovid-19\u00bb est primordiale (port de masque, distanciation physique, hygi\u00e8ne des mains et \u00e9viter les rassemblements) et que le vaccin offre une protection contre les formes grave du virus, notamment chez les malades atteints de maladies chroniques.<\/p>\n","protected":false},"excerpt":{"rendered":"<p>A l\u2019instar de la communaut\u00e9 internationale et comme le 14 novembre de chaque ann\u00e9e, le Maroc a c\u00e9l\u00e9br\u00e9, hier dimanche, la Journ\u00e9e Mondiale du Diab\u00e8te. Le th\u00e8me choisi cette ann\u00e9e par l\u2019Organisation Mondiale de la Sant\u00e9 (OMS) et la F\u00e9d\u00e9ration Internationale du Diab\u00e8te est&nbsp;: \u00abAcc\u00e8s aux soins du diab\u00e8te\u00bb, avec comme slogan \u00abEt si ce &hellip;<\/p>\n","protected":false},"author":9,"featured_media":9930,"comment_status":"open","ping_status":"closed","sticky":false,"template":"","format":"standard","meta":{"footnotes":""},"categories":[26],"tags":[],"class_list":["post-9929","post","type-post","status-publish","format-standard","has-post-thumbnail","hentry","category-sante"],"_links":{"self":[{"href":"https:\/\/letempsmag.ma\/index.php?rest_route=\/wp\/v2\/posts\/9929","targetHints":{"allow":["GET"]}}],"collection":[{"href":"https:\/\/letempsmag.ma\/index.php?rest_route=\/wp\/v2\/posts"}],"about":[{"href":"https:\/\/letempsmag.ma\/index.php?rest_route=\/wp\/v2\/types\/post"}],"author":[{"embeddable":true,"href":"https:\/\/letempsmag.ma\/index.php?rest_route=\/wp\/v2\/users\/9"}],"replies":[{"embeddable":true,"href":"https:\/\/letempsmag.ma\/index.php?rest_route=%2Fwp%2Fv2%2Fcomments&post=9929"}],"version-history":[{"count":1,"href":"https:\/\/letempsmag.ma\/index.php?rest_route=\/wp\/v2\/posts\/9929\/revisions"}],"predecessor-version":[{"id":9931,"href":"https:\/\/letempsmag.ma\/index.php?rest_route=\/wp\/v2\/posts\/9929\/revisions\/9931"}],"wp:featuredmedia":[{"embeddable":true,"href":"https:\/\/letempsmag.ma\/index.php?rest_route=\/wp\/v2\/media\/9930"}],"wp:attachment":[{"href":"https:\/\/letempsmag.ma\/index.php?rest_route=%2Fwp%2Fv2%2Fmedia&parent=9929"}],"wp:term":[{"taxonomy":"category","embeddable":true,"href":"https:\/\/letempsmag.ma\/index.php?rest_route=%2Fwp%2Fv2%2Fcategories&post=9929"},{"taxonomy":"post_tag","embeddable":true,"href":"https:\/\/letempsmag.ma\/index.php?rest_route=%2Fwp%2Fv2%2Ftags&post=9929"}],"curies":[{"name":"wp","href":"https:\/\/api.w.org\/{rel}","templated":true}]}}