{"id":9926,"date":"2021-11-15T08:37:39","date_gmt":"2021-11-15T07:37:39","guid":{"rendered":"https:\/\/letempsmag.ma\/?p=9926"},"modified":"2021-11-15T08:37:40","modified_gmt":"2021-11-15T07:37:40","slug":"m-talent-le-grand-happening-by-m-avenue-a-marrakech","status":"publish","type":"post","link":"https:\/\/letempsmag.ma\/?p=9926","title":{"rendered":"\u00abM Talent\u00bb, le grand happening by M Avenue \u00e0 Marrakech"},"content":{"rendered":"\n<p>M Avenue, la nouvelle destination shopping et divertissement, \u00e0 Marrakech a lanc\u00e9 la premi\u00e8re \u00e9dition de \u00abM Talent\u00bb, son concours d\u2019art qui se d\u00e9roule jusqu\u2019au 6 janvier 2022. Unique en son genre, l\u2019\u00e9v\u00e9nement rendra hommage \u00e0 la cit\u00e9 ocre \u00e0 travers le th\u00e8me \u00abMarrakech et les Marrakchis\u00bb. En plein c\u0153ur de M Avenue, pr\u00e8s de l\u2019Hivernage, seize jeunes artistes venant de diverses r\u00e9gions du Royaume, ayant diff\u00e9rents parcours artistiques et formations acad\u00e9miques, exposent leurs cr\u00e9ations sous un format imposant (2m x 2m). Ces \u0153uvres ont \u00e9t\u00e9 r\u00e9alis\u00e9es lors d\u2019une retraite de dix jours au sein de la r\u00e9sidence d\u2019artistes \u00abAl Maqam\u00bb \u00e0 Tahannaout, \u00e0 30 km de Marrakech, o\u00f9 les jeunes talents ont rivalis\u00e9 de cr\u00e9ativit\u00e9 et se sont concentr\u00e9s pour d\u00e9livrer leur vision du th\u00e8me \u00abMarrakech et les Marrakchis\u00bb.<\/p>\n\n\n\n<p>Quatre grands artistes peintres marocains, originaires de Marrakech, ont \u00e9t\u00e9 d\u00e9sign\u00e9s pour encadrer ces seize jeunes talents durant leur r\u00e9sidence. Les artistes peintres Mohamed Mourabiti et Noureddine Chater, ainsi que le peintre et \u00e9crivain Mahi Binebine et l\u2019artiste calligraphe Noureddine Da\u00effallah ont prodigu\u00e9 leurs pr\u00e9cieux conseils aux jeunes talents, partageant avec eux le fruit de leurs exp\u00e9riences.<\/p>\n\n\n\n<p>Pendant plusieurs semaines, une s\u00e9rie d\u2019\u00e9missions sera diffus\u00e9e sur le site \u00ab<a href=\"http:\/\/www.m-avenue.ma\/\" target=\"_blank\" rel=\"noreferrer noopener\">www.m-avenue.ma<\/a>\u00bb o\u00f9 le public pourra suivre les aventures artistiques des talents en herbe dont un aper\u00e7u est d\u00e9j\u00e0 \u00e0 visionner sur \u00abwww.youtube.com\/watch&nbsp;?v=ODgANPlQqFc\u00bb.<\/p>\n\n\n\n<p>Pour d\u00e9terminer le travail artistique gagnant, les spectateurs auront leur mot \u00e0 dire et sont ainsi invit\u00e9s \u00e0 voter en ligne pour l\u2019\u0153uvre qui les aura le plus conquis. Pour ce faire, il suffit de se rendre sur la plateforme \u00abwww.m-avenue.ma\u00bb et visiter la section \u00abM Talent\u00bb pour d\u00e9couvrir les \u0153uvres. Celle qui aura r\u00e9colt\u00e9 le plus de votes remportera le concours et l\u2019heureux laur\u00e9at recevra un Prix tout en b\u00e9n\u00e9ficiant d\u2019un espace d\u2019exposition au sein du complexe M Avenue.<\/p>\n\n\n\n<p>La vocation culturelle de M Avenue, qui compte renouveler chaque ann\u00e9e cet \u00e9v\u00e9nement avec toujours plus d\u2019ambition, s\u2019exprime intens\u00e9ment &nbsp;dans le beau slogan qu\u2019elle a choisi pour devise&nbsp;: \u00abL\u00e0 o\u00f9 le talent prend vie\u00bb.<\/p>\n","protected":false},"excerpt":{"rendered":"<p>M Avenue, la nouvelle destination shopping et divertissement, \u00e0 Marrakech a lanc\u00e9 la premi\u00e8re \u00e9dition de \u00abM Talent\u00bb, son concours d\u2019art qui se d\u00e9roule jusqu\u2019au 6 janvier 2022. Unique en son genre, l\u2019\u00e9v\u00e9nement rendra hommage \u00e0 la cit\u00e9 ocre \u00e0 travers le th\u00e8me \u00abMarrakech et les Marrakchis\u00bb. En plein c\u0153ur de M Avenue, pr\u00e8s de &hellip;<\/p>\n","protected":false},"author":9,"featured_media":9927,"comment_status":"open","ping_status":"closed","sticky":false,"template":"","format":"standard","meta":{"footnotes":""},"categories":[197],"tags":[],"class_list":["post-9926","post","type-post","status-publish","format-standard","has-post-thumbnail","hentry","category-creation"],"_links":{"self":[{"href":"https:\/\/letempsmag.ma\/index.php?rest_route=\/wp\/v2\/posts\/9926","targetHints":{"allow":["GET"]}}],"collection":[{"href":"https:\/\/letempsmag.ma\/index.php?rest_route=\/wp\/v2\/posts"}],"about":[{"href":"https:\/\/letempsmag.ma\/index.php?rest_route=\/wp\/v2\/types\/post"}],"author":[{"embeddable":true,"href":"https:\/\/letempsmag.ma\/index.php?rest_route=\/wp\/v2\/users\/9"}],"replies":[{"embeddable":true,"href":"https:\/\/letempsmag.ma\/index.php?rest_route=%2Fwp%2Fv2%2Fcomments&post=9926"}],"version-history":[{"count":1,"href":"https:\/\/letempsmag.ma\/index.php?rest_route=\/wp\/v2\/posts\/9926\/revisions"}],"predecessor-version":[{"id":9928,"href":"https:\/\/letempsmag.ma\/index.php?rest_route=\/wp\/v2\/posts\/9926\/revisions\/9928"}],"wp:featuredmedia":[{"embeddable":true,"href":"https:\/\/letempsmag.ma\/index.php?rest_route=\/wp\/v2\/media\/9927"}],"wp:attachment":[{"href":"https:\/\/letempsmag.ma\/index.php?rest_route=%2Fwp%2Fv2%2Fmedia&parent=9926"}],"wp:term":[{"taxonomy":"category","embeddable":true,"href":"https:\/\/letempsmag.ma\/index.php?rest_route=%2Fwp%2Fv2%2Fcategories&post=9926"},{"taxonomy":"post_tag","embeddable":true,"href":"https:\/\/letempsmag.ma\/index.php?rest_route=%2Fwp%2Fv2%2Ftags&post=9926"}],"curies":[{"name":"wp","href":"https:\/\/api.w.org\/{rel}","templated":true}]}}