{"id":9872,"date":"2021-11-12T09:13:59","date_gmt":"2021-11-12T08:13:59","guid":{"rendered":"https:\/\/letempsmag.ma\/?p=9872"},"modified":"2021-11-12T09:14:00","modified_gmt":"2021-11-12T08:14:00","slug":"le-maroc-et-litalie-engages-pour-un-partenariat-multidimensionnel","status":"publish","type":"post","link":"https:\/\/letempsmag.ma\/?p=9872","title":{"rendered":"Le Maroc et l\u2019Italie engag\u00e9s pour un partenariat multidimensionnel"},"content":{"rendered":"\n<p>Le Maroc et l\u2019Italie ont convenu d\u2019acc\u00e9l\u00e9rer la mise en \u0153uvre de leur partenariat strat\u00e9gique multidimensionnel. Lors d\u2019un entretien t\u00e9l\u00e9phonique, mardi dernier, entre le Ministre des Affaires \u00e9trang\u00e8res, de la Coop\u00e9ration africaine et des Marocains r\u00e9sidant \u00e0 l\u2019\u00e9tranger, Nasser Bourita, et son homologue italien Luigi Di Maio, les deux parties ont mis en exergue l\u2019excellence des relations bilat\u00e9rales et ont convenu d\u2019acc\u00e9l\u00e9rer la mise en \u0153uvre du partenariat strat\u00e9gique multidimensionnel entre les deux pays. Les deux Ministres ont aussi r\u00e9affirm\u00e9 leur grand int\u00e9r\u00eat au maintien et au renforcement du cadre juridique qui lie le Maroc \u00e0 l\u2019Union Europ\u00e9enne, lequel est essentiel pour garantir la poursuite et la stabilit\u00e9 de leur partenariat strat\u00e9gique, indique un communiqu\u00e9 conjoint publi\u00e9 \u00e0 l\u2019issue de cet entretien. Les deux hauts responsables ont en outre soulign\u00e9 l\u2019importance des initiatives du Conseil de l\u2019Union Europ\u00e9enne relativement aux accords de p\u00eache et agricole entre le Royaume et l\u2019espace communautaire europ\u00e9en. Nasser Bourita et Luigi Di Maio ont eu par ailleurs un \u00e9change approfondi sur les questions r\u00e9gionales et internationales d\u2019int\u00e9r\u00eat commun, notamment les derniers d\u00e9veloppements en Libye.<\/p>\n\n\n\n<p><strong>A. A.<\/strong><\/p>\n","protected":false},"excerpt":{"rendered":"<p>Le Maroc et l\u2019Italie ont convenu d\u2019acc\u00e9l\u00e9rer la mise en \u0153uvre de leur partenariat strat\u00e9gique multidimensionnel. Lors d\u2019un entretien t\u00e9l\u00e9phonique, mardi dernier, entre le Ministre des Affaires \u00e9trang\u00e8res, de la Coop\u00e9ration africaine et des Marocains r\u00e9sidant \u00e0 l\u2019\u00e9tranger, Nasser Bourita, et son homologue italien Luigi Di Maio, les deux parties ont mis en exergue l\u2019excellence &hellip;<\/p>\n","protected":false},"author":9,"featured_media":9873,"comment_status":"open","ping_status":"closed","sticky":false,"template":"","format":"standard","meta":{"footnotes":""},"categories":[118],"tags":[],"class_list":["post-9872","post","type-post","status-publish","format-standard","has-post-thumbnail","hentry","category-diplomatie"],"_links":{"self":[{"href":"https:\/\/letempsmag.ma\/index.php?rest_route=\/wp\/v2\/posts\/9872","targetHints":{"allow":["GET"]}}],"collection":[{"href":"https:\/\/letempsmag.ma\/index.php?rest_route=\/wp\/v2\/posts"}],"about":[{"href":"https:\/\/letempsmag.ma\/index.php?rest_route=\/wp\/v2\/types\/post"}],"author":[{"embeddable":true,"href":"https:\/\/letempsmag.ma\/index.php?rest_route=\/wp\/v2\/users\/9"}],"replies":[{"embeddable":true,"href":"https:\/\/letempsmag.ma\/index.php?rest_route=%2Fwp%2Fv2%2Fcomments&post=9872"}],"version-history":[{"count":1,"href":"https:\/\/letempsmag.ma\/index.php?rest_route=\/wp\/v2\/posts\/9872\/revisions"}],"predecessor-version":[{"id":9874,"href":"https:\/\/letempsmag.ma\/index.php?rest_route=\/wp\/v2\/posts\/9872\/revisions\/9874"}],"wp:featuredmedia":[{"embeddable":true,"href":"https:\/\/letempsmag.ma\/index.php?rest_route=\/wp\/v2\/media\/9873"}],"wp:attachment":[{"href":"https:\/\/letempsmag.ma\/index.php?rest_route=%2Fwp%2Fv2%2Fmedia&parent=9872"}],"wp:term":[{"taxonomy":"category","embeddable":true,"href":"https:\/\/letempsmag.ma\/index.php?rest_route=%2Fwp%2Fv2%2Fcategories&post=9872"},{"taxonomy":"post_tag","embeddable":true,"href":"https:\/\/letempsmag.ma\/index.php?rest_route=%2Fwp%2Fv2%2Ftags&post=9872"}],"curies":[{"name":"wp","href":"https:\/\/api.w.org\/{rel}","templated":true}]}}