{"id":9658,"date":"2021-11-05T08:08:38","date_gmt":"2021-11-05T07:08:38","guid":{"rendered":"https:\/\/letempsmag.ma\/?p=9658"},"modified":"2021-11-05T08:08:39","modified_gmt":"2021-11-05T07:08:39","slug":"le-ministere-de-linterieur-expose-au-parlement-son-budget-sectoriel-pour-2022","status":"publish","type":"post","link":"https:\/\/letempsmag.ma\/?p=9658","title":{"rendered":"Le minist\u00e8re de l\u2019Int\u00e9rieur expose au Parlement son budget sectoriel pour 2022"},"content":{"rendered":"\n<p>L\u2019exp\u00e9rience marocaine dans le domaine s\u00e9curitaire a permis de r\u00e9aliser des succ\u00e8s et acquis importants, notamment au niveau de l\u2019intervention proactive face aux menaces terroristes qui guettent en permanence le Maroc, \u00e0 la faveur du professionnalisme des services s\u00e9curitaires, reconnu tant \u00e0 l\u2019int\u00e9rieur qu\u2019\u00e0 l\u2019ext\u00e9rieur du Royaume, a indiqu\u00e9, mercredi dernier \u00e0 Rabat, le Ministre de l\u2019Int\u00e9rieur, Abdelouafi Laftit. Dans ce m\u00eame esprit, les services s\u00e9curitaires ont poursuivi la mise en \u0153uvre des approches et plans d\u2019action adopt\u00e9s, que ce soit dans la lutte contre la criminalit\u00e9 et le renforcement du sentiment de s\u00e9curit\u00e9 que dans la lutte contre l\u2019immigration clandestine, a ajout\u00e9 le Ministre qui pr\u00e9sentait le budget sectoriel de son D\u00e9partement au titre de l\u2019exercice 2022, lors d\u2019une r\u00e9union tenue par la Commission de l\u2019Int\u00e9rieur, des Collectivit\u00e9s territoriales, de l\u2019Habitat et de la Politique de la Ville \u00e0 la Chambre des Repr\u00e9sentants.<\/p>\n\n\n\n<p>Compte tenu du r\u00f4le central de la s\u00e9curit\u00e9 dans la stabilit\u00e9 et le d\u00e9veloppement, Abdelouafi Laftit a soulign\u00e9 que le minist\u00e8re a poursuivi en 2021 ses efforts de modernisation de ce service important afin de garantir des niveaux d\u2019efficacit\u00e9 et d\u2019efficience \u00e0 m\u00eame de faire face \u00e0 tous les d\u00e9fis actuels et futurs. En ce qui concerne la lutte contre les r\u00e9seaux criminels sp\u00e9cialis\u00e9s dans le trafic de drogues, la coordination entre les diff\u00e9rents services s\u00e9curitaires a permis de nombreux d\u00e9mant\u00e8lements, a-t-il poursuivi.<\/p>\n\n\n\n<p>Dans le cadre de l\u2019extension des zones urbaines et des rassemblements r\u00e9sidentiels, le Ministre a fait savoir que son D\u00e9partement a proc\u00e9d\u00e9 \u00e0 l\u2019\u00e9largissement de la couverture s\u00e9curitaire ainsi qu\u2019au d\u00e9veloppement et \u00e0 la modernisation des infrastructures relevant du minist\u00e8re et au renforcement de leurs ressources humaines et mat\u00e9rielles.<\/p>\n\n\n\n<p>S\u2019agissant de la modernisation des services, selon le Ministre, l\u2019ann\u00e9e 2021 a connu la g\u00e9n\u00e9ralisation de la d\u00e9livrance de la nouvelle g\u00e9n\u00e9ration de la Carte Nationale d\u2019Identit\u00e9 Electronique, ainsi que l\u2019int\u00e9gration des permis de port d\u2019arme apparente et de chasse dans un seul document biom\u00e9trique aux normes modernes.<\/p>\n\n\n\n<p>Au niveau de la gestion des risques de catastrophes naturelles, le Ministre a expliqu\u00e9 que depuis la cr\u00e9ation du Fonds de lutte contre les effets des catastrophes naturelles en 2009 et jusqu\u2019en octobre 2021, pas moins de 226 projets ont \u00e9t\u00e9 financ\u00e9s dans le cadre du programme de gestion int\u00e9gr\u00e9e des risques de catastrophes naturelles, pour un montant global d\u2019environ 3,6 milliards de DH, auquel le Fonds a contribu\u00e9 \u00e0 hauteur de 1,2 milliard de DH.<\/p>\n\n\n\n<p><strong>A. A.<\/strong><\/p>\n","protected":false},"excerpt":{"rendered":"<p>L\u2019exp\u00e9rience marocaine dans le domaine s\u00e9curitaire a permis de r\u00e9aliser des succ\u00e8s et acquis importants, notamment au niveau de l\u2019intervention proactive face aux menaces terroristes qui guettent en permanence le Maroc, \u00e0 la faveur du professionnalisme des services s\u00e9curitaires, reconnu tant \u00e0 l\u2019int\u00e9rieur qu\u2019\u00e0 l\u2019ext\u00e9rieur du Royaume, a indiqu\u00e9, mercredi dernier \u00e0 Rabat, le Ministre &hellip;<\/p>\n","protected":false},"author":9,"featured_media":9645,"comment_status":"open","ping_status":"closed","sticky":false,"template":"","format":"standard","meta":{"footnotes":""},"categories":[222],"tags":[],"class_list":["post-9658","post","type-post","status-publish","format-standard","has-post-thumbnail","hentry","category-securite"],"_links":{"self":[{"href":"https:\/\/letempsmag.ma\/index.php?rest_route=\/wp\/v2\/posts\/9658","targetHints":{"allow":["GET"]}}],"collection":[{"href":"https:\/\/letempsmag.ma\/index.php?rest_route=\/wp\/v2\/posts"}],"about":[{"href":"https:\/\/letempsmag.ma\/index.php?rest_route=\/wp\/v2\/types\/post"}],"author":[{"embeddable":true,"href":"https:\/\/letempsmag.ma\/index.php?rest_route=\/wp\/v2\/users\/9"}],"replies":[{"embeddable":true,"href":"https:\/\/letempsmag.ma\/index.php?rest_route=%2Fwp%2Fv2%2Fcomments&post=9658"}],"version-history":[{"count":1,"href":"https:\/\/letempsmag.ma\/index.php?rest_route=\/wp\/v2\/posts\/9658\/revisions"}],"predecessor-version":[{"id":9659,"href":"https:\/\/letempsmag.ma\/index.php?rest_route=\/wp\/v2\/posts\/9658\/revisions\/9659"}],"wp:featuredmedia":[{"embeddable":true,"href":"https:\/\/letempsmag.ma\/index.php?rest_route=\/wp\/v2\/media\/9645"}],"wp:attachment":[{"href":"https:\/\/letempsmag.ma\/index.php?rest_route=%2Fwp%2Fv2%2Fmedia&parent=9658"}],"wp:term":[{"taxonomy":"category","embeddable":true,"href":"https:\/\/letempsmag.ma\/index.php?rest_route=%2Fwp%2Fv2%2Fcategories&post=9658"},{"taxonomy":"post_tag","embeddable":true,"href":"https:\/\/letempsmag.ma\/index.php?rest_route=%2Fwp%2Fv2%2Ftags&post=9658"}],"curies":[{"name":"wp","href":"https:\/\/api.w.org\/{rel}","templated":true}]}}