{"id":9599,"date":"2021-11-03T09:53:52","date_gmt":"2021-11-03T08:53:52","guid":{"rendered":"https:\/\/letempsmag.ma\/?p=9599"},"modified":"2021-11-03T09:53:53","modified_gmt":"2021-11-03T08:53:53","slug":"la-ram-connectera-casablanca-a-dubai-a-partir-du-19-decembre-prochain","status":"publish","type":"post","link":"https:\/\/letempsmag.ma\/?p=9599","title":{"rendered":"La RAM connectera Casablanca \u00e0 Duba\u00ef \u00e0 partir du 19 d\u00e9cembre prochain"},"content":{"rendered":"\n<p>Royal Air Maroc a annonc\u00e9 avant-hier le lancement, \u00e0 compter du 19 d\u00e9cembre prochain, d\u2019une nouvelle ligne directe reliant Casablanca \u00e0 Duba\u00ef, \u00e0 raison de trois fr\u00e9quences par semaine. Les vols seront programm\u00e9s au d\u00e9part de Casablanca tous les mardis, jeudis et dimanches avec un d\u00e9collage \u00e0 19h50 (heure du Maroc) et une arriv\u00e9e \u00e0 Duba\u00ef le lendemain \u00e0 06h20 (heure locale). Quant aux vols au d\u00e9part de Duba\u00ef, ils seront programm\u00e9s tous les lundis, mercredis et vendredis, avec un d\u00e9collage \u00e0 08h20 (heure locale) pour une arriv\u00e9e \u00e0 Casablanca \u00e0 13h20, pr\u00e9cise la RAM dans un communiqu\u00e9.<\/p>\n\n\n\n<p>Ces rotations seront op\u00e9r\u00e9es avec des avions de type Boeing 787 Dreamliner. \u00abCet avion de derni\u00e8re g\u00e9n\u00e9ration est performant et offre une excellente prestation de confort et de s\u00e9curit\u00e9\u00bb, indique la compagnie. Cette nouvelle route a\u00e9rienne r\u00e9pond aux attentes de la communaut\u00e9 marocaine \u00e9tablie aux \u00c9mirats Arabes Unis ainsi qu\u2019\u00e0 l\u2019ensemble des voyageurs touristiques et d\u2019affaires, aussi bien Marocains qu\u2019\u00c9miratis.<\/p>\n\n\n\n<p>Les billets seront propos\u00e9s \u00e0 des prix de lancement \u00e0 partir de 4.500 DH (TTC) aller-retour en Classe \u00c9conomique. Ils sont disponibles \u00e0 la vente sur le site internet de la compagnie (\u00abwww.royalairmaroc.com\u00bb) ainsi qu\u2019\u00e0 travers ses centres d\u2019appel, ses agences commerciales et tout le r\u00e9seau national des agences de voyages.<\/p>\n\n\n\n<p>L\u2019acc\u00e8s \u00e0 ces vols est soumis aux conditions impos\u00e9es par les autorit\u00e9s des deux pays (Maroc et \u00c9mirats Arabes Unis) dans le cadre des mesures de pr\u00e9vention sanitaires li\u00e9es au \u00abCovid-19\u00bb, souligne la RAM.<\/p>\n\n\n\n<p><strong>A. A.<\/strong><\/p>\n","protected":false},"excerpt":{"rendered":"<p>Royal Air Maroc a annonc\u00e9 avant-hier le lancement, \u00e0 compter du 19 d\u00e9cembre prochain, d\u2019une nouvelle ligne directe reliant Casablanca \u00e0 Duba\u00ef, \u00e0 raison de trois fr\u00e9quences par semaine. Les vols seront programm\u00e9s au d\u00e9part de Casablanca tous les mardis, jeudis et dimanches avec un d\u00e9collage \u00e0 19h50 (heure du Maroc) et une arriv\u00e9e \u00e0 &hellip;<\/p>\n","protected":false},"author":9,"featured_media":9600,"comment_status":"open","ping_status":"closed","sticky":false,"template":"","format":"standard","meta":{"footnotes":""},"categories":[53],"tags":[],"class_list":["post-9599","post","type-post","status-publish","format-standard","has-post-thumbnail","hentry","category-aerien"],"_links":{"self":[{"href":"https:\/\/letempsmag.ma\/index.php?rest_route=\/wp\/v2\/posts\/9599","targetHints":{"allow":["GET"]}}],"collection":[{"href":"https:\/\/letempsmag.ma\/index.php?rest_route=\/wp\/v2\/posts"}],"about":[{"href":"https:\/\/letempsmag.ma\/index.php?rest_route=\/wp\/v2\/types\/post"}],"author":[{"embeddable":true,"href":"https:\/\/letempsmag.ma\/index.php?rest_route=\/wp\/v2\/users\/9"}],"replies":[{"embeddable":true,"href":"https:\/\/letempsmag.ma\/index.php?rest_route=%2Fwp%2Fv2%2Fcomments&post=9599"}],"version-history":[{"count":1,"href":"https:\/\/letempsmag.ma\/index.php?rest_route=\/wp\/v2\/posts\/9599\/revisions"}],"predecessor-version":[{"id":9601,"href":"https:\/\/letempsmag.ma\/index.php?rest_route=\/wp\/v2\/posts\/9599\/revisions\/9601"}],"wp:featuredmedia":[{"embeddable":true,"href":"https:\/\/letempsmag.ma\/index.php?rest_route=\/wp\/v2\/media\/9600"}],"wp:attachment":[{"href":"https:\/\/letempsmag.ma\/index.php?rest_route=%2Fwp%2Fv2%2Fmedia&parent=9599"}],"wp:term":[{"taxonomy":"category","embeddable":true,"href":"https:\/\/letempsmag.ma\/index.php?rest_route=%2Fwp%2Fv2%2Fcategories&post=9599"},{"taxonomy":"post_tag","embeddable":true,"href":"https:\/\/letempsmag.ma\/index.php?rest_route=%2Fwp%2Fv2%2Ftags&post=9599"}],"curies":[{"name":"wp","href":"https:\/\/api.w.org\/{rel}","templated":true}]}}