{"id":9596,"date":"2021-11-03T09:50:12","date_gmt":"2021-11-03T08:50:12","guid":{"rendered":"https:\/\/letempsmag.ma\/?p=9596"},"modified":"2021-11-03T09:50:13","modified_gmt":"2021-11-03T08:50:13","slug":"le-pavillon-maroc-miroir-de-louverture-et-du-prestige-du-royaume","status":"publish","type":"post","link":"https:\/\/letempsmag.ma\/?p=9596","title":{"rendered":"Le Pavillon Maroc, miroir de l\u2019ouverture et du prestige du Royaume"},"content":{"rendered":"\n<p>Le Pavillon Maroc \u00e0 l&#8217;Exposition Universelle de Duba\u00ef, qui se poursuivra jusqu&#8217;au 31 mars 2021, a \u00e9t\u00e9 officiellement ouvert samedi dernier dans la soir\u00e9e en pr\u00e9sence d&#8217;une importante d\u00e9l\u00e9gation minist\u00e9rielle marocaine. Celle-ci \u00e9tait compos\u00e9e notamment de la Commissaire G\u00e9n\u00e9rale du Pavillon Maroc, en l\u2019occurrence la Ministre de l\u2019\u00c9conomie et des Finances Nadia Fettah Alaoui, ainsi que de la Ministre du Tourisme, de l\u2019Artisanat et de l\u2019\u00c9conomie sociale et solidaire, Fatim-Zahra Ammor, et du Ministre de l\u2019Industrie et du Commerce, Ryad Mezzour.<\/p>\n\n\n\n<p>Les membres de la d\u00e9l\u00e9gation, constitu\u00e9e \u00e9galement de Directeurs d\u2019\u00e9tablissements publics, de responsables relevant des secteurs public et priv\u00e9, ont visit\u00e9 les treize salles composant le Pavillon qui met en avant les diff\u00e9rentes r\u00e9alisations du Maroc dans les domaines \u00e9conomique, scientifique, artistique et culturel.<\/p>\n\n\n\n<p>Situ\u00e9 au c\u0153ur du \u00abDistrict Opportunit\u00e9s\u00bb, pr\u00e8s du Pavillon des \u00c9mirats Arabes Unis et non loin d\u2019\u00abAl Wasl Plaza\u00bb, monument central du site de l\u2019Expo 2020 Duba\u00ef, le Pavillon Maroc constitue une plateforme de partage de la vision strat\u00e9gique du Royaume pour un avenir plus durable et un espace pour pr\u00e9senter le patrimoine civilisationnel d\u2019une nation mill\u00e9naire. En plus d\u2019une programmation artistique, culturelle, \u00e9conomique et scientifique diversifi\u00e9e, le Pavillon Maroc met l\u2019accent sur l\u2019engagement du Royaume en faveur de l\u2019avenir de la plan\u00e8te, la richesse d\u2019un pays fort de ses comp\u00e9tences et la dynamique du d\u00e9veloppement dans laquelle le pays s\u2019est engag\u00e9.<\/p>\n\n\n\n<p>Intervenant \u00e0 cette occasion, Nadia Fettah Alaoui a soulign\u00e9 que la pr\u00e9sence du Maroc \u00e0 cet \u00e9v\u00e9nement mondial refl\u00e8te la solidit\u00e9 des relations avec les \u00c9mirats Arabes Unis, fond\u00e9es sur la fraternit\u00e9, l\u2019entente, le respect mutuel et la coop\u00e9ration multidimensionnelle, notamment dans les domaines politique, \u00e9conomique, scientifique et culturel. La Ministre a not\u00e9, \u00e0 cet \u00e9gard, que la d\u00e9cision des \u00c9mirats Arabes Unis d\u2019ouvrir un Consulat G\u00e9n\u00e9ral \u00e0 La\u00e2youne, dans le Sahara marocain, est une d\u00e9marche qui illustre la profondeur des relations strat\u00e9giques liant les deux pays.<\/p>\n\n\n\n<p>Le Pavillon Maroc \u00e0 l\u2019Exposition Universelle de Duba\u00ef est une belle opportunit\u00e9 de pr\u00e9senter les r\u00e9alisations du Royaume dans de multiples domaines sous la conduite \u00e9clair\u00e9e de S.M. le Roi Mohammed VI, a soulign\u00e9 la Commissaire G\u00e9n\u00e9rale du Pavillon Maroc, relevant que l\u2019\u00e9v\u00e9nement constitue une occasion pour le Royaume de d\u00e9montrer ses engagements en faveur du d\u00e9veloppement durable, r\u00e9affirmer son attachement aux principes de tol\u00e9rance et de dialogue et relever les d\u00e9fis mondiaux dans plusieurs domaines.<\/p>\n\n\n\n<p>Pour sa part, Ryad Mezzour a not\u00e9 que le Pavillon Maroc met en avant les r\u00e9ussites du Royaume dans plusieurs domaines, sous la conduite \u00e9clair\u00e9e du Souverain, notant qu\u2019il refl\u00e8te l\u2019authenticit\u00e9 du Maroc et son ouverture sur les civilisations mondiales. Le Pavillon jette la lumi\u00e8re sur un nouveau Maroc qui se distingue par ses innovations, son attractivit\u00e9 et son rayonnement culturel, a indiqu\u00e9 le Ministre dans une d\u00e9claration \u00e0 la MAP.<\/p>\n\n\n\n<p>Dans une d\u00e9claration similaire, le Pr\u00e9sident de la Fondation Nationale des Mus\u00e9es, Mehdi Qotbi, a rappel\u00e9 l\u2019importance de la pr\u00e9sence marocaine \u00e0 cet \u00e9v\u00e9nement international, expliquant qu\u2019il s\u2019agit d\u2019une belle occasion de pr\u00e9senter aux visiteurs du monde entier les diff\u00e9rentes facettes du d\u00e9veloppement r\u00e9alis\u00e9 par le Maroc dans divers secteurs, entre autres dans le domaine culturel et artistique marqu\u00e9 par les contributions d\u2019artistes qui ont \u0153uvr\u00e9 au rayonnement de la culture, de l\u2019authenticit\u00e9 et de le riche patrimoine du Maroc.<\/p>\n\n\n\n<p>Pour sa part, le Directeur G\u00e9n\u00e9ral de la Soci\u00e9t\u00e9 Marocaine d\u2019Ing\u00e9nierie Touristique, Imad Barrakad, a relev\u00e9 que la pr\u00e9sence du Maroc \u00e0 l\u2019Expo 2020 Duba\u00ef vise \u00e0 r\u00e9affirmer son engagement permanent et sa mobilisation pour faire face aux grands d\u00e9fis mondiaux, et ce, selon une vision r\u00e9aliste et une d\u00e9termination sans faille. L\u2019objectif est de relever les enjeux du pr\u00e9sent et du futur et de d\u00e9velopper une coop\u00e9ration internationale pour la p\u00e9riode post-\u00abCovid\u00bb, a soulign\u00e9 Imad Berrakad, ajoutant que l\u2019Exposition Universelle constitue une plateforme id\u00e9ale pour partager les visions strat\u00e9giques du Royaume.<\/p>\n\n\n\n<p>La d\u00e9l\u00e9gation marocaine a visit\u00e9 les Pavillons des \u00c9mirats Arabes Unis, de l\u2019Arabie Saoudite et des \u00c9tats-Unis, s\u2019arr\u00eatant sur les diff\u00e9rentes composantes de ces Pavillons qui refl\u00e8tent les marches de ces pays, leurs r\u00e9alisations et leurs ambitions.<\/p>\n\n\n\n<p>Tenue sous le th\u00e8me \u00ab Connecter les esprits, construire le futur\u00bb, l\u2019Expo Duba\u00ef 2020 avait \u00e9t\u00e9 report\u00e9e l\u2019ann\u00e9e derni\u00e8re en raison de la pand\u00e9mie du coronavirus. Elle s\u2019\u00e9tend sur un rayon de 4,38 km. C\u2019est l\u2019un des plus grands rassemblements culturels dans le monde et un \u00e9v\u00e9nement international majeur, consid\u00e9r\u00e9 comme un incubateur d\u2019id\u00e9es influentes, stimulant l\u2019\u00e9change de nouvelles visions et incitant \u00e0 trouver des solutions r\u00e9alistes aux vrais d\u00e9fis mondiaux.<\/p>\n\n\n\n<p>Rappelons une nouvelle fois que les relations publiques du Pavillon Maroc, plac\u00e9es sous la responsabilit\u00e9 du Commissariat G\u00e9n\u00e9ral du Pavillon, sont assur\u00e9es au Maroc par l\u2019agence Publikart que dirige Sana Smyej \u00e0 la t\u00eate de son staff, avec un professionnalisme et une rigueur remarquables. (Photo\u00a0: aemagazine.ma).<\/p>\n\n\n\n<p><strong>M. E.<\/strong><\/p>\n","protected":false},"excerpt":{"rendered":"<p>Le Pavillon Maroc \u00e0 l&#8217;Exposition Universelle de Duba\u00ef, qui se poursuivra jusqu&#8217;au 31 mars 2021, a \u00e9t\u00e9 officiellement ouvert samedi dernier dans la soir\u00e9e en pr\u00e9sence d&#8217;une importante d\u00e9l\u00e9gation minist\u00e9rielle marocaine. Celle-ci \u00e9tait compos\u00e9e notamment de la Commissaire G\u00e9n\u00e9rale du Pavillon Maroc, en l\u2019occurrence la Ministre de l\u2019\u00c9conomie et des Finances Nadia Fettah Alaoui, ainsi &hellip;<\/p>\n","protected":false},"author":9,"featured_media":9597,"comment_status":"open","ping_status":"closed","sticky":false,"template":"","format":"standard","meta":{"footnotes":""},"categories":[446],"tags":[],"class_list":["post-9596","post","type-post","status-publish","format-standard","has-post-thumbnail","hentry","category-expo-dubai-2"],"_links":{"self":[{"href":"https:\/\/letempsmag.ma\/index.php?rest_route=\/wp\/v2\/posts\/9596","targetHints":{"allow":["GET"]}}],"collection":[{"href":"https:\/\/letempsmag.ma\/index.php?rest_route=\/wp\/v2\/posts"}],"about":[{"href":"https:\/\/letempsmag.ma\/index.php?rest_route=\/wp\/v2\/types\/post"}],"author":[{"embeddable":true,"href":"https:\/\/letempsmag.ma\/index.php?rest_route=\/wp\/v2\/users\/9"}],"replies":[{"embeddable":true,"href":"https:\/\/letempsmag.ma\/index.php?rest_route=%2Fwp%2Fv2%2Fcomments&post=9596"}],"version-history":[{"count":1,"href":"https:\/\/letempsmag.ma\/index.php?rest_route=\/wp\/v2\/posts\/9596\/revisions"}],"predecessor-version":[{"id":9598,"href":"https:\/\/letempsmag.ma\/index.php?rest_route=\/wp\/v2\/posts\/9596\/revisions\/9598"}],"wp:featuredmedia":[{"embeddable":true,"href":"https:\/\/letempsmag.ma\/index.php?rest_route=\/wp\/v2\/media\/9597"}],"wp:attachment":[{"href":"https:\/\/letempsmag.ma\/index.php?rest_route=%2Fwp%2Fv2%2Fmedia&parent=9596"}],"wp:term":[{"taxonomy":"category","embeddable":true,"href":"https:\/\/letempsmag.ma\/index.php?rest_route=%2Fwp%2Fv2%2Fcategories&post=9596"},{"taxonomy":"post_tag","embeddable":true,"href":"https:\/\/letempsmag.ma\/index.php?rest_route=%2Fwp%2Fv2%2Ftags&post=9596"}],"curies":[{"name":"wp","href":"https:\/\/api.w.org\/{rel}","templated":true}]}}