{"id":9460,"date":"2021-11-01T07:36:59","date_gmt":"2021-11-01T06:36:59","guid":{"rendered":"https:\/\/letempsmag.ma\/?p=9460"},"modified":"2021-11-01T07:37:00","modified_gmt":"2021-11-01T06:37:00","slug":"le-pavillon-maroc-ouvre-officiellement-ses-portes","status":"publish","type":"post","link":"https:\/\/letempsmag.ma\/?p=9460","title":{"rendered":"Le Pavillon Maroc ouvre officiellement ses portes"},"content":{"rendered":"\n<p>En pr\u00e9sence d&#8217;une importante d\u00e9l\u00e9gation minist\u00e9rielle, le Pavillon Maroc \u00e0 l\u2019Expo Duba\u00ef 2020 a \u00e9t\u00e9 officiellement inaugur\u00e9 hier samedi dans la soir\u00e9e. L\u2019\u00e9v\u00e9nement a eu lieu en pr\u00e9sence de la Ministre de l&#8217;Economie et des Finances, Nadia Fettah Alaoui, de la Ministre du Tourisme, de l&#8217;Artisanat et de l&#8217;Economie sociale et solidaire, Fatime-Zahra Ammor, et du Ministre de l&#8217;Industrie et du Commerce, Ryad Mezzour. Etaient \u00e9galement pr\u00e9sents des Directeurs d&#8217;\u00e9tablissements publics et des responsables relevant des secteurs public et priv\u00e9 marocains et \u00e9miratis.<\/p>\n\n\n\n<p>Le Pavillon Maroc se veut une plateforme de partage de la vision strat\u00e9gique du Royaume pour un avenir plus durable et un espace pr\u00e9sentant le patrimoine civilisationnel d&#8217;une nation mill\u00e9naire. Il est situ\u00e9 au c\u0153ur du District des Opportunit\u00e9s, pr\u00e8s du Pavillon des \u00c9mirats Arabes Unis et non loin d&#8217;\u00abAl Wasl Plaza\u00bb, monument central du site de l&#8217;Expo 2020 Duba\u00ef.<\/p>\n\n\n\n<p>Intervenant \u00e0 cette occasion, Nadia Fettah Alaoui a soulign\u00e9 que la pr\u00e9sence du Maroc \u00e0 cet \u00e9v\u00e9nement mondial refl\u00e8te la solidit\u00e9 des relations avec les Emirats Arabes Unis, fond\u00e9es sur la fraternit\u00e9, l&#8217;entente, le respect mutuel et la coop\u00e9ration multidimensionnelle, notamment dans les domaines politique, \u00e9conomique, scientifique et culturel. La Ministre a soulign\u00e9 \u00e9galement que la d\u00e9cision des Emirats Arabes Unis d&#8217;ouvrir un Consulat G\u00e9n\u00e9ral \u00e0 La\u00e2youne, au Sahara marocain, est une d\u00e9marche qui illustre la profondeur des relations strat\u00e9giques liant les deux pays.<\/p>\n\n\n\n<p><strong>L. F.<\/strong><\/p>\n","protected":false},"excerpt":{"rendered":"<p>En pr\u00e9sence d&#8217;une importante d\u00e9l\u00e9gation minist\u00e9rielle, le Pavillon Maroc \u00e0 l\u2019Expo Duba\u00ef 2020 a \u00e9t\u00e9 officiellement inaugur\u00e9 hier samedi dans la soir\u00e9e. L\u2019\u00e9v\u00e9nement a eu lieu en pr\u00e9sence de la Ministre de l&#8217;Economie et des Finances, Nadia Fettah Alaoui, de la Ministre du Tourisme, de l&#8217;Artisanat et de l&#8217;Economie sociale et solidaire, Fatime-Zahra Ammor, et &hellip;<\/p>\n","protected":false},"author":9,"featured_media":9461,"comment_status":"open","ping_status":"closed","sticky":false,"template":"","format":"standard","meta":{"footnotes":""},"categories":[446],"tags":[],"class_list":["post-9460","post","type-post","status-publish","format-standard","has-post-thumbnail","hentry","category-expo-dubai-2"],"_links":{"self":[{"href":"https:\/\/letempsmag.ma\/index.php?rest_route=\/wp\/v2\/posts\/9460","targetHints":{"allow":["GET"]}}],"collection":[{"href":"https:\/\/letempsmag.ma\/index.php?rest_route=\/wp\/v2\/posts"}],"about":[{"href":"https:\/\/letempsmag.ma\/index.php?rest_route=\/wp\/v2\/types\/post"}],"author":[{"embeddable":true,"href":"https:\/\/letempsmag.ma\/index.php?rest_route=\/wp\/v2\/users\/9"}],"replies":[{"embeddable":true,"href":"https:\/\/letempsmag.ma\/index.php?rest_route=%2Fwp%2Fv2%2Fcomments&post=9460"}],"version-history":[{"count":1,"href":"https:\/\/letempsmag.ma\/index.php?rest_route=\/wp\/v2\/posts\/9460\/revisions"}],"predecessor-version":[{"id":9462,"href":"https:\/\/letempsmag.ma\/index.php?rest_route=\/wp\/v2\/posts\/9460\/revisions\/9462"}],"wp:featuredmedia":[{"embeddable":true,"href":"https:\/\/letempsmag.ma\/index.php?rest_route=\/wp\/v2\/media\/9461"}],"wp:attachment":[{"href":"https:\/\/letempsmag.ma\/index.php?rest_route=%2Fwp%2Fv2%2Fmedia&parent=9460"}],"wp:term":[{"taxonomy":"category","embeddable":true,"href":"https:\/\/letempsmag.ma\/index.php?rest_route=%2Fwp%2Fv2%2Fcategories&post=9460"},{"taxonomy":"post_tag","embeddable":true,"href":"https:\/\/letempsmag.ma\/index.php?rest_route=%2Fwp%2Fv2%2Ftags&post=9460"}],"curies":[{"name":"wp","href":"https:\/\/api.w.org\/{rel}","templated":true}]}}