{"id":9394,"date":"2021-10-28T10:23:27","date_gmt":"2021-10-28T09:23:27","guid":{"rendered":"https:\/\/letempsmag.ma\/?p=9394"},"modified":"2021-10-28T10:23:29","modified_gmt":"2021-10-28T09:23:29","slug":"la-maison-denfance-de-diego-maradona-declaree-site-historique-national-en-argentine","status":"publish","type":"post","link":"https:\/\/letempsmag.ma\/?p=9394","title":{"rendered":"La maison d\u2019enfance de Diego Maradona d\u00e9clar\u00e9e \u00abSite historique national\u00bb en Argentine"},"content":{"rendered":"\n<p>Dans le cadre des nombreux hommages rendus \u00e0 l\u2019occasion du premier anniversaire de sa mort, la maison o\u00f9 Diego Maradona a v\u00e9cu ses premi\u00e8res ann\u00e9es a \u00e9t\u00e9 d\u00e9clar\u00e9e \u00abSite Historique National\u00bb par un d\u00e9cret officiel publi\u00e9 hier mercredi par le gouvernement argentin. L\u2019humble maison est situ\u00e9e \u00e0 Villa Fiorito, au sud de Buenos Aires, avec une porte surmont\u00e9e de fil barbel\u00e9 et compos\u00e9e d\u2019une salle \u00e0 manger et de deux pi\u00e8ces, ainsi que d\u2019un patio en terre battue. Une fresque \u00e0 l\u2019effigie de Diego Maradona orne aujourd\u2019hui la fa\u00e7ade de la maison.<\/p>\n\n\n\n<p>La l\u00e9gende historique du football est n\u00e9e le 30 octobre 1960. Champion du monde en 1986, Maradona est d\u00e9c\u00e9d\u00e9 le 25 novembre 2020 d\u2019un arr\u00eat cardiaque dans une r\u00e9sidence situ\u00e9e dans le nord de Buenos Aires. Deux semaines plus t\u00f4t, il avait subi une op\u00e9ration au cerveau. Maradona n\u2019a jamais cach\u00e9 ses origines modestes. Il est en effet souvent retourn\u00e9 \u00e0 Villa Fiorito o\u00f9 il avait commenc\u00e9 \u00e0 jouer au football.<\/p>\n\n\n\n<p>La Commission nationale des monuments, des lieux et des biens historiques en Argentine a soulign\u00e9 que \u00abL\u2019\u00e9norme influence du footballeur dans la culture populaire argentine transcende ses m\u00e9rites sportifs et repr\u00e9sente l\u2019un des symboles les plus saillants de notre identit\u00e9\u00bb.<\/p>\n\n\n\n<p>\u00c0 un mois du premier anniversaire de son d\u00e9c\u00e8s, une s\u00e9rie t\u00e9l\u00e9vis\u00e9e intitul\u00e9e \u00abMaradona, le r\u00eave b\u00e9ni\u00bb est lanc\u00e9e \u00e0 partir de ce 28 octobre en Argentine puis dans le monde entier via \u00abAmazon Prime Video\u00bb. La s\u00e9rie, en 10 \u00e9pisodes d&#8217;une heure, raconte \u00ables triomphes et les d\u00e9fis du footballeur l\u00e9gendaire, depuis ses humbles d\u00e9buts dans la ville-bidonville de Villa Fiorito, \u00e0 sa carri\u00e8re r\u00e9volutionnaire pour Barcelone et Naples\u00bb, indique \u00abAmazon Prime Video\u00bb. La bande-annonce dit \u00abRencontrez l&#8217;homme derri\u00e8re la l\u00e9gende\u00bb.<\/p>\n\n\n\n<p><strong>L. F.<\/strong><\/p>\n","protected":false},"excerpt":{"rendered":"<p>Dans le cadre des nombreux hommages rendus \u00e0 l\u2019occasion du premier anniversaire de sa mort, la maison o\u00f9 Diego Maradona a v\u00e9cu ses premi\u00e8res ann\u00e9es a \u00e9t\u00e9 d\u00e9clar\u00e9e \u00abSite Historique National\u00bb par un d\u00e9cret officiel publi\u00e9 hier mercredi par le gouvernement argentin. L\u2019humble maison est situ\u00e9e \u00e0 Villa Fiorito, au sud de Buenos Aires, avec &hellip;<\/p>\n","protected":false},"author":9,"featured_media":9395,"comment_status":"open","ping_status":"closed","sticky":false,"template":"","format":"standard","meta":{"footnotes":""},"categories":[358],"tags":[],"class_list":["post-9394","post","type-post","status-publish","format-standard","has-post-thumbnail","hentry","category-memoire"],"_links":{"self":[{"href":"https:\/\/letempsmag.ma\/index.php?rest_route=\/wp\/v2\/posts\/9394","targetHints":{"allow":["GET"]}}],"collection":[{"href":"https:\/\/letempsmag.ma\/index.php?rest_route=\/wp\/v2\/posts"}],"about":[{"href":"https:\/\/letempsmag.ma\/index.php?rest_route=\/wp\/v2\/types\/post"}],"author":[{"embeddable":true,"href":"https:\/\/letempsmag.ma\/index.php?rest_route=\/wp\/v2\/users\/9"}],"replies":[{"embeddable":true,"href":"https:\/\/letempsmag.ma\/index.php?rest_route=%2Fwp%2Fv2%2Fcomments&post=9394"}],"version-history":[{"count":1,"href":"https:\/\/letempsmag.ma\/index.php?rest_route=\/wp\/v2\/posts\/9394\/revisions"}],"predecessor-version":[{"id":9396,"href":"https:\/\/letempsmag.ma\/index.php?rest_route=\/wp\/v2\/posts\/9394\/revisions\/9396"}],"wp:featuredmedia":[{"embeddable":true,"href":"https:\/\/letempsmag.ma\/index.php?rest_route=\/wp\/v2\/media\/9395"}],"wp:attachment":[{"href":"https:\/\/letempsmag.ma\/index.php?rest_route=%2Fwp%2Fv2%2Fmedia&parent=9394"}],"wp:term":[{"taxonomy":"category","embeddable":true,"href":"https:\/\/letempsmag.ma\/index.php?rest_route=%2Fwp%2Fv2%2Fcategories&post=9394"},{"taxonomy":"post_tag","embeddable":true,"href":"https:\/\/letempsmag.ma\/index.php?rest_route=%2Fwp%2Fv2%2Ftags&post=9394"}],"curies":[{"name":"wp","href":"https:\/\/api.w.org\/{rel}","templated":true}]}}