{"id":9388,"date":"2021-10-27T11:00:17","date_gmt":"2021-10-27T10:00:17","guid":{"rendered":"https:\/\/letempsmag.ma\/?p=9388"},"modified":"2021-10-27T11:00:18","modified_gmt":"2021-10-27T10:00:18","slug":"425-nouveaux-cas-au-maroc-en-24-heures-et-944-803-cas-cumules","status":"publish","type":"post","link":"https:\/\/letempsmag.ma\/?p=9388","title":{"rendered":"425 nouveaux cas au Maroc en 24 heures et 944.803 cas cumul\u00e9s"},"content":{"rendered":"\n<p>Le Centre national des op\u00e9rations d&#8217;urgence de sant\u00e9 publique au minist\u00e8re de la Sant\u00e9 a annonc\u00e9, hier mardi \u00e0 16h, 425 nouveaux cas de \u00abCovid-19\u00bb, enregistr\u00e9s \u00e0 travers le Maroc, ce qui porte le bilan national cumul\u00e9 \u00e0 944.803 cas confirm\u00e9s depuis la premi\u00e8re infection enregistr\u00e9e le 2 mars 2020.<\/p>\n\n\n\n<p>Le minist\u00e8re signale par ailleurs que le nombre de personnes totalement r\u00e9tablies s\u2019\u00e9l\u00e8ve \u00e0 925.125 tandis que le nombre de d\u00e9c\u00e8s atteint 14.636 victimes. Le nombre total des cas exclus apr\u00e8s des r\u00e9sultats n\u00e9gatifs d&#8217;analyses effectu\u00e9es en laboratoire s&#8217;\u00e9l\u00e8ve d\u00e9sormais \u00e0 9.085.529.<\/p>\n\n\n\n<p>Les nouvelles contaminations ont \u00e9t\u00e9 enregistr\u00e9es dans les r\u00e9gions de Casablanca-Settat (211 cas), Rabat-Sal\u00e9-K\u00e9nitra (145), Tanger-T\u00e9touan-Al Hoceima (17), F\u00e8s-Mekn\u00e8s (16), Marrakech-Safi (7), l&#8217;Oriental (6), La\u00e2youne-Sakia El Hamra (6), Souss-Massa (5), B\u00e9ni Mellal-Kh\u00e9nifra (4), Dr\u00e2a-Tafilalet (3), Dakhla-Oued Eddahab (3) et Guelmim-Oued Noun (2).<\/p>\n\n\n\n<p>Pr\u00e9cisons que la campagne nationale de vaccination est \u00e9largie aux jeunes \u00e2g\u00e9s entre 12 et 17 ans ainsi qu\u2019aux personnes atteintes de maladies chroniques, annonce le minist\u00e8re de la Sant\u00e9.<\/p>\n\n\n\n<p>Pr\u00e9cisons aussi qu\u2019\u00e0 la date d\u2019hier, 23.955.274 personnes ont \u00e9t\u00e9 vaccin\u00e9es contre le \u00abCovid-19\u00bb \u00e0 travers le Maroc dans le cadre de la premi\u00e8re dose, 21.711.741 personnes dans le cadre de la deuxi\u00e8me dose et 1.148.838 personnes dans le cadre de la troisi\u00e8me dose.<\/p>\n\n\n\n<p><strong>M. E.<\/strong><\/p>\n","protected":false},"excerpt":{"rendered":"<p>Le Centre national des op\u00e9rations d&#8217;urgence de sant\u00e9 publique au minist\u00e8re de la Sant\u00e9 a annonc\u00e9, hier mardi \u00e0 16h, 425 nouveaux cas de \u00abCovid-19\u00bb, enregistr\u00e9s \u00e0 travers le Maroc, ce qui porte le bilan national cumul\u00e9 \u00e0 944.803 cas confirm\u00e9s depuis la premi\u00e8re infection enregistr\u00e9e le 2 mars 2020. Le minist\u00e8re signale par ailleurs &hellip;<\/p>\n","protected":false},"author":9,"featured_media":9389,"comment_status":"open","ping_status":"closed","sticky":false,"template":"","format":"standard","meta":{"footnotes":""},"categories":[168],"tags":[],"class_list":["post-9388","post","type-post","status-publish","format-standard","has-post-thumbnail","hentry","category-pandemie-2"],"_links":{"self":[{"href":"https:\/\/letempsmag.ma\/index.php?rest_route=\/wp\/v2\/posts\/9388","targetHints":{"allow":["GET"]}}],"collection":[{"href":"https:\/\/letempsmag.ma\/index.php?rest_route=\/wp\/v2\/posts"}],"about":[{"href":"https:\/\/letempsmag.ma\/index.php?rest_route=\/wp\/v2\/types\/post"}],"author":[{"embeddable":true,"href":"https:\/\/letempsmag.ma\/index.php?rest_route=\/wp\/v2\/users\/9"}],"replies":[{"embeddable":true,"href":"https:\/\/letempsmag.ma\/index.php?rest_route=%2Fwp%2Fv2%2Fcomments&post=9388"}],"version-history":[{"count":1,"href":"https:\/\/letempsmag.ma\/index.php?rest_route=\/wp\/v2\/posts\/9388\/revisions"}],"predecessor-version":[{"id":9390,"href":"https:\/\/letempsmag.ma\/index.php?rest_route=\/wp\/v2\/posts\/9388\/revisions\/9390"}],"wp:featuredmedia":[{"embeddable":true,"href":"https:\/\/letempsmag.ma\/index.php?rest_route=\/wp\/v2\/media\/9389"}],"wp:attachment":[{"href":"https:\/\/letempsmag.ma\/index.php?rest_route=%2Fwp%2Fv2%2Fmedia&parent=9388"}],"wp:term":[{"taxonomy":"category","embeddable":true,"href":"https:\/\/letempsmag.ma\/index.php?rest_route=%2Fwp%2Fv2%2Fcategories&post=9388"},{"taxonomy":"post_tag","embeddable":true,"href":"https:\/\/letempsmag.ma\/index.php?rest_route=%2Fwp%2Fv2%2Ftags&post=9388"}],"curies":[{"name":"wp","href":"https:\/\/api.w.org\/{rel}","templated":true}]}}