{"id":9385,"date":"2021-10-27T10:59:27","date_gmt":"2021-10-27T09:59:27","guid":{"rendered":"https:\/\/letempsmag.ma\/?p=9385"},"modified":"2021-10-27T10:59:29","modified_gmt":"2021-10-27T09:59:29","slug":"larabie-saoudite-reitere-sa-position-en-faveur-du-sahara-marocain","status":"publish","type":"post","link":"https:\/\/letempsmag.ma\/?p=9385","title":{"rendered":"L\u2019Arabie Saoudite r\u00e9it\u00e8re sa position en faveur du Sahara marocain"},"content":{"rendered":"\n<p>L\u2019Ambassadeur d\u2019Arabie Saoudite au Maroc, Abdullah Bin Sa\u00e2d Al Ghurairi, a r\u00e9it\u00e9r\u00e9 lundi dernier \u00e0 Rabat, \u00abla position constante, cat\u00e9gorique et affich\u00e9e\u00bb de son pays en faveur de la marocanit\u00e9 du Sahara et de l\u2019int\u00e9grit\u00e9 territoriale du Maroc. \u00abLa s\u00e9curit\u00e9 et la stabilit\u00e9 du Royaume du Maroc font partie de la s\u00e9curit\u00e9 et de la stabilit\u00e9 du Royaume d\u2019Arabie Saoudite\u00bb, a soulign\u00e9 le diplomate saoudien dans une d\u00e9claration \u00e0 la presse, \u00e0 l\u2019issue d\u2019une rencontre avec le Pr\u00e9sident de la Chambre des Repr\u00e9sentants, Rachid Talbi Alami. \u00c0 cette occasion, Abdullah Bin Sa\u00e2d Al Ghurairi a mis en avant les relations distingu\u00e9es entre les deux pays fr\u00e8res dans tous les domaines ainsi que la coordination et la concertation continues qui caract\u00e9risent les relations bilat\u00e9rales aux niveaux l\u00e9gislatif, ex\u00e9cutif et judiciaire, formulant le v\u0153u de r\u00e9aliser davantage de progr\u00e8s et de prosp\u00e9rit\u00e9 pour le Maroc et l\u2019Arabie Saoudite. Pour sa part, Rachid Talbi Alami a salu\u00e9 la position claire et constante de l\u2019Arabie Saoudite aux c\u00f4t\u00e9s du Maroc, ainsi que son soutien constant \u00e0 la marocanit\u00e9 du Sahara et \u00e0 la souverainet\u00e9 du Royaume sur tous ses territoires. (Photo\u00a0: 2M).<\/p>\n","protected":false},"excerpt":{"rendered":"<p>L\u2019Ambassadeur d\u2019Arabie Saoudite au Maroc, Abdullah Bin Sa\u00e2d Al Ghurairi, a r\u00e9it\u00e9r\u00e9 lundi dernier \u00e0 Rabat, \u00abla position constante, cat\u00e9gorique et affich\u00e9e\u00bb de son pays en faveur de la marocanit\u00e9 du Sahara et de l\u2019int\u00e9grit\u00e9 territoriale du Maroc. \u00abLa s\u00e9curit\u00e9 et la stabilit\u00e9 du Royaume du Maroc font partie de la s\u00e9curit\u00e9 et de la &hellip;<\/p>\n","protected":false},"author":9,"featured_media":9386,"comment_status":"open","ping_status":"closed","sticky":false,"template":"","format":"standard","meta":{"footnotes":""},"categories":[118],"tags":[],"class_list":["post-9385","post","type-post","status-publish","format-standard","has-post-thumbnail","hentry","category-diplomatie"],"_links":{"self":[{"href":"https:\/\/letempsmag.ma\/index.php?rest_route=\/wp\/v2\/posts\/9385","targetHints":{"allow":["GET"]}}],"collection":[{"href":"https:\/\/letempsmag.ma\/index.php?rest_route=\/wp\/v2\/posts"}],"about":[{"href":"https:\/\/letempsmag.ma\/index.php?rest_route=\/wp\/v2\/types\/post"}],"author":[{"embeddable":true,"href":"https:\/\/letempsmag.ma\/index.php?rest_route=\/wp\/v2\/users\/9"}],"replies":[{"embeddable":true,"href":"https:\/\/letempsmag.ma\/index.php?rest_route=%2Fwp%2Fv2%2Fcomments&post=9385"}],"version-history":[{"count":1,"href":"https:\/\/letempsmag.ma\/index.php?rest_route=\/wp\/v2\/posts\/9385\/revisions"}],"predecessor-version":[{"id":9387,"href":"https:\/\/letempsmag.ma\/index.php?rest_route=\/wp\/v2\/posts\/9385\/revisions\/9387"}],"wp:featuredmedia":[{"embeddable":true,"href":"https:\/\/letempsmag.ma\/index.php?rest_route=\/wp\/v2\/media\/9386"}],"wp:attachment":[{"href":"https:\/\/letempsmag.ma\/index.php?rest_route=%2Fwp%2Fv2%2Fmedia&parent=9385"}],"wp:term":[{"taxonomy":"category","embeddable":true,"href":"https:\/\/letempsmag.ma\/index.php?rest_route=%2Fwp%2Fv2%2Fcategories&post=9385"},{"taxonomy":"post_tag","embeddable":true,"href":"https:\/\/letempsmag.ma\/index.php?rest_route=%2Fwp%2Fv2%2Ftags&post=9385"}],"curies":[{"name":"wp","href":"https:\/\/api.w.org\/{rel}","templated":true}]}}