{"id":9382,"date":"2021-10-27T10:58:49","date_gmt":"2021-10-27T09:58:49","guid":{"rendered":"https:\/\/letempsmag.ma\/?p=9382"},"modified":"2021-10-27T10:58:51","modified_gmt":"2021-10-27T09:58:51","slug":"le-president-du-cese-plaide-pour-un-nouveau-mode-de-communication","status":"publish","type":"post","link":"https:\/\/letempsmag.ma\/?p=9382","title":{"rendered":"Le Pr\u00e9sident du CESE plaide pour un nouveau mode de communication"},"content":{"rendered":"\n<p>Le Pr\u00e9sident du Conseil \u00c9conomique, Social et Environnemental (CESE), Ahmed R\u00e9da Chami, a appel\u00e9 hier mardi \u00e0 Rabat, \u00e0 instaurer d&#8217;une mani\u00e8re participative une nouvelle g\u00e9n\u00e9ration du syst\u00e8me de dialogue social, consid\u00e9r\u00e9 comme un v\u00e9ritable outil de la promotion \u00e9conomique. Intervenant lors d&#8217;un atelier de restitution d\u00e9di\u00e9 \u00e0 la pr\u00e9sentation des principales conclusions et recommandations du CESE au sujet du dialogue social, Ahmed R\u00e9da Chami a indiqu\u00e9 que la mise en place et l&#8217;institutionnalisation de cette nouvelle g\u00e9n\u00e9ration n\u00e9cessite le renforcement de la repr\u00e9sentativit\u00e9 des partenaires \u00e9conomiques et sociaux, l&#8217;ouverture sur de nouveaux acteurs et l&#8217;\u00e9largissement de l&#8217;agenda du dialogue social \u00e0 de nouveaux sujets.<\/p>\n\n\n\n<p>Le haut responsable a mis en avant l&#8217;attention particuli\u00e8re que porte le CESE \u00e0 la question du dialogue social d\u00e9coulant, en premier lieu, de sa composition plurielle qui r\u00e9unit les repr\u00e9sentants des organisations syndicales et professionnelles. Ce dialogue est au c\u0153ur des missions consultatives du CESE comprenant la facilitation, la concertation et la coop\u00e9ration entre les partenaires \u00e9conomiques et sociaux, ainsi que la contribution \u00e0 l&#8217;\u00e9laboration d&#8217;une charte sociale tel que stipul\u00e9 dans sa loi organique.<\/p>\n\n\n\n<p>Ahmed R\u00e9da Chami, qui a salu\u00e9 les progr\u00e8s r\u00e9alis\u00e9s dans ce domaine, a toutefois not\u00e9 que le dialogue social peine actuellement \u00e0 r\u00e9pondre aux attentes des acteurs, aux d\u00e9fis qu&#8217;imposent les \u00e9volutions \u00e9conomiques mondiales et aux exigences du d\u00e9veloppement \u00e9conomique et social au Maroc.<\/p>\n\n\n\n<p>Quant \u00e0 la Pr\u00e9sidente de la Commission permanente charg\u00e9e des affaires de l&#8217;emploi et des relations professionnelles, Najat Simou, elle a insist\u00e9 sur l&#8217;importance de l&#8217;institutionnalisation du dialogue social ainsi que d&#8217;autres leviers pour rehausser le dialogue social. \u00abIl s&#8217;agit entre autres du renforcement des capacit\u00e9s des partenaires sociaux, de la g\u00e9n\u00e9ralisation des conventions collectives ainsi que de son int\u00e9gration dans l&#8217;\u00e9laboration des politiques et programmes publics\u00bb, a-t-elle fait valoir.<\/p>\n\n\n\n<p>Outre le suivi r\u00e9gulier qu&#8217;il effectue dans le cadre de son rapport annuel, le CESE a consacr\u00e9 nombre de ses rapports et avis \u00e0 la question du dialogue social. Il est question, entre autres, du projet de loi \u00ab24-19\u00bb relatif aux organisations syndicales, du rapport du CESE intitul\u00e9 \u00abPour une nouvelle g\u00e9n\u00e9ration du dialogue social au Maroc\u00bb et d&#8217;une proposition de loi de Conseil National du Dialogue Social. (Photo&nbsp;: LNT).<\/p>\n","protected":false},"excerpt":{"rendered":"<p>Le Pr\u00e9sident du Conseil \u00c9conomique, Social et Environnemental (CESE), Ahmed R\u00e9da Chami, a appel\u00e9 hier mardi \u00e0 Rabat, \u00e0 instaurer d&#8217;une mani\u00e8re participative une nouvelle g\u00e9n\u00e9ration du syst\u00e8me de dialogue social, consid\u00e9r\u00e9 comme un v\u00e9ritable outil de la promotion \u00e9conomique. Intervenant lors d&#8217;un atelier de restitution d\u00e9di\u00e9 \u00e0 la pr\u00e9sentation des principales conclusions et recommandations &hellip;<\/p>\n","protected":false},"author":9,"featured_media":9383,"comment_status":"open","ping_status":"closed","sticky":false,"template":"","format":"standard","meta":{"footnotes":""},"categories":[469],"tags":[],"class_list":["post-9382","post","type-post","status-publish","format-standard","has-post-thumbnail","hentry","category-dialogue-social"],"_links":{"self":[{"href":"https:\/\/letempsmag.ma\/index.php?rest_route=\/wp\/v2\/posts\/9382","targetHints":{"allow":["GET"]}}],"collection":[{"href":"https:\/\/letempsmag.ma\/index.php?rest_route=\/wp\/v2\/posts"}],"about":[{"href":"https:\/\/letempsmag.ma\/index.php?rest_route=\/wp\/v2\/types\/post"}],"author":[{"embeddable":true,"href":"https:\/\/letempsmag.ma\/index.php?rest_route=\/wp\/v2\/users\/9"}],"replies":[{"embeddable":true,"href":"https:\/\/letempsmag.ma\/index.php?rest_route=%2Fwp%2Fv2%2Fcomments&post=9382"}],"version-history":[{"count":1,"href":"https:\/\/letempsmag.ma\/index.php?rest_route=\/wp\/v2\/posts\/9382\/revisions"}],"predecessor-version":[{"id":9384,"href":"https:\/\/letempsmag.ma\/index.php?rest_route=\/wp\/v2\/posts\/9382\/revisions\/9384"}],"wp:featuredmedia":[{"embeddable":true,"href":"https:\/\/letempsmag.ma\/index.php?rest_route=\/wp\/v2\/media\/9383"}],"wp:attachment":[{"href":"https:\/\/letempsmag.ma\/index.php?rest_route=%2Fwp%2Fv2%2Fmedia&parent=9382"}],"wp:term":[{"taxonomy":"category","embeddable":true,"href":"https:\/\/letempsmag.ma\/index.php?rest_route=%2Fwp%2Fv2%2Fcategories&post=9382"},{"taxonomy":"post_tag","embeddable":true,"href":"https:\/\/letempsmag.ma\/index.php?rest_route=%2Fwp%2Fv2%2Ftags&post=9382"}],"curies":[{"name":"wp","href":"https:\/\/api.w.org\/{rel}","templated":true}]}}