{"id":9370,"date":"2021-10-27T10:54:22","date_gmt":"2021-10-27T09:54:22","guid":{"rendered":"https:\/\/letempsmag.ma\/?p=9370"},"modified":"2021-10-27T10:54:24","modified_gmt":"2021-10-27T09:54:24","slug":"lofppt-et-lum6p-lancent-a-laayoune-un-programme-dinnovation-entrepreneuriale","status":"publish","type":"post","link":"https:\/\/letempsmag.ma\/?p=9370","title":{"rendered":"L&#8217;OFPPT et l\u2019UM6P lancent \u00e0 La\u00e2youne un programme d\u2019innovation entrepreneuriale"},"content":{"rendered":"\n<p>La Direction R\u00e9gionale des provinces du sud de l&#8217;OFPPT (Office de la Formation Professionnelle et de la Promotion du Travail) a lanc\u00e9 hier mardi \u00e0 La\u00e2youne un programme d\u2019innovation entrepreneuriale mis en place en partenariat avec l\u2019Universit\u00e9 Mohammed VI Polytechnique (UM6P) de Benguerir. Environ 4.000 jeunes stagiaires originaires de la r\u00e9gion La\u00e2youne-Sakia El Hamra b\u00e9n\u00e9ficieront de ce programme qui s\u2019inscrit dans le cadre de la nouvelle feuille de route de la formation professionnelle visant le renforcement du dispositif en la mati\u00e8re. C\u2019est ce qu\u2019a d\u00e9clar\u00e9 \u00e0 la MAP le Directeur R\u00e9gional des provinces du Sud de l\u2019OFPPT, Tayeb Sami Solh. Le responsable a pr\u00e9cis\u00e9 que ce programme d\u2019innovation entrepreneuriale a pour objectif le d\u00e9ploiement de l\u2019entrepreneuriat gr\u00e2ce \u00e0 des approches p\u00e9dagogiques innovantes, dont l\u2019apprentissage par l\u2019exp\u00e9rimentation et l\u2019immersion r\u00e9elle dans le monde de l\u2019entreprise. Le programme est lanc\u00e9, dans un premier temps, dans les r\u00e9gions de La\u00e2youne-Sakia El Hamra, Souss-Massa et l\u2019Oriental pour la p\u00e9riode 2021-2022 et sera ensuite \u00e9largi \u00e0 toutes les r\u00e9gions du Royaume. Un ensemble de modules s\u2019\u00e9taleront sur deux ans, livr\u00e9s par les formateurs de l\u2019OFPPT au nombre de 24, mobilis\u00e9s au niveau de la r\u00e9gion La\u00e2youne-Sakia El Hamra, apr\u00e8s un Boot Camp de formation organis\u00e9 au locaux de l\u2019UM6P \u00e0 Bengu\u00e9rir.<\/p>\n","protected":false},"excerpt":{"rendered":"<p>La Direction R\u00e9gionale des provinces du sud de l&#8217;OFPPT (Office de la Formation Professionnelle et de la Promotion du Travail) a lanc\u00e9 hier mardi \u00e0 La\u00e2youne un programme d\u2019innovation entrepreneuriale mis en place en partenariat avec l\u2019Universit\u00e9 Mohammed VI Polytechnique (UM6P) de Benguerir. Environ 4.000 jeunes stagiaires originaires de la r\u00e9gion La\u00e2youne-Sakia El Hamra b\u00e9n\u00e9ficieront &hellip;<\/p>\n","protected":false},"author":9,"featured_media":9371,"comment_status":"open","ping_status":"closed","sticky":false,"template":"","format":"standard","meta":{"footnotes":""},"categories":[37],"tags":[],"class_list":["post-9370","post","type-post","status-publish","format-standard","has-post-thumbnail","hentry","category-formation"],"_links":{"self":[{"href":"https:\/\/letempsmag.ma\/index.php?rest_route=\/wp\/v2\/posts\/9370","targetHints":{"allow":["GET"]}}],"collection":[{"href":"https:\/\/letempsmag.ma\/index.php?rest_route=\/wp\/v2\/posts"}],"about":[{"href":"https:\/\/letempsmag.ma\/index.php?rest_route=\/wp\/v2\/types\/post"}],"author":[{"embeddable":true,"href":"https:\/\/letempsmag.ma\/index.php?rest_route=\/wp\/v2\/users\/9"}],"replies":[{"embeddable":true,"href":"https:\/\/letempsmag.ma\/index.php?rest_route=%2Fwp%2Fv2%2Fcomments&post=9370"}],"version-history":[{"count":1,"href":"https:\/\/letempsmag.ma\/index.php?rest_route=\/wp\/v2\/posts\/9370\/revisions"}],"predecessor-version":[{"id":9372,"href":"https:\/\/letempsmag.ma\/index.php?rest_route=\/wp\/v2\/posts\/9370\/revisions\/9372"}],"wp:featuredmedia":[{"embeddable":true,"href":"https:\/\/letempsmag.ma\/index.php?rest_route=\/wp\/v2\/media\/9371"}],"wp:attachment":[{"href":"https:\/\/letempsmag.ma\/index.php?rest_route=%2Fwp%2Fv2%2Fmedia&parent=9370"}],"wp:term":[{"taxonomy":"category","embeddable":true,"href":"https:\/\/letempsmag.ma\/index.php?rest_route=%2Fwp%2Fv2%2Fcategories&post=9370"},{"taxonomy":"post_tag","embeddable":true,"href":"https:\/\/letempsmag.ma\/index.php?rest_route=%2Fwp%2Fv2%2Ftags&post=9370"}],"curies":[{"name":"wp","href":"https:\/\/api.w.org\/{rel}","templated":true}]}}