{"id":9367,"date":"2021-10-27T10:53:02","date_gmt":"2021-10-27T09:53:02","guid":{"rendered":"https:\/\/letempsmag.ma\/?p=9367"},"modified":"2021-10-27T10:53:03","modified_gmt":"2021-10-27T09:53:03","slug":"lausim-et-inwi-debattent-de-lagilite-et-de-la-resilience-par-le-cloud","status":"publish","type":"post","link":"https:\/\/letempsmag.ma\/?p=9367","title":{"rendered":"L\u2019AUSIM et Inwi d\u00e9battent de l\u2019agilit\u00e9 et de la r\u00e9silience par le cloud"},"content":{"rendered":"\n<p>La pertinence de la mise en place du cloud dans les entreprises marocaines a \u00e9t\u00e9 au c\u0153ur d\u2019une conf\u00e9rence-d\u00e9bat organis\u00e9e le 14 octobre dernier par l\u2019Association des Utilisateurs des Syst\u00e8mes d\u2019Information au Maroc (AUSIM) en partenariat avec l\u2019op\u00e9rateur Inwi. Anim\u00e9e par Amine Harrari, Directeur de la Transformation Digitale \u00e0 OCP Solutions, la conf\u00e9rence a connu la participation de pan\u00e9listes de renom dans le secteur, notamment Mohamed Sa\u00e2d, Pr\u00e9sident de l\u2019AUSIM et Directeur G\u00e9n\u00e9ral Adjoint charg\u00e9 du P\u00f4le Ressources \u00e0 la Bourse de Casablanca, Ouassim El Arroussi, Directeur du D\u00e9veloppement chez Inwi, Salima Amira, Directrice G\u00e9n\u00e9rale de Microsoft Maroc, Mounir Soussi, VP Cloud et IA Africa chez Huawei, et Fahd Meski, Directeur Technique Maroc pour la r\u00e9gion France \u00e0 Webhelp.<\/p>\n\n\n\n<p>Tous les intervenants s\u2019accordent \u00e0 dire qu\u2019une nouvelle culture organisationnelle est de mise afin de r\u00e9ussir les d\u00e9fis de la digitalisation des entreprises marocaines. Une question qui transcende d\u00e9sormais la sph\u00e8re des grandes entreprises et devient une n\u00e9cessit\u00e9 dans l\u2019ensemble du tissu entrepreneurial marocain. D\u2019embl\u00e9e, Mohamed Sa\u00e2d s\u2019est f\u00e9licit\u00e9 de la cr\u00e9ation d\u2019un minist\u00e8re de la Transition num\u00e9rique pour lequel l\u2019AUSIM milite depuis plusieurs ann\u00e9es. Il a aussi soulign\u00e9 l\u2019importance de la souverainet\u00e9 num\u00e9rique&nbsp;: \u00abil y a quelques jours, S.M. le Roi Mohammed VI a insist\u00e9, dans son discours, sur l\u2019importance de la souverainet\u00e9 dans plusieurs secteurs, dont le digital\u00bb. Le Pr\u00e9sident de l\u2019AUSIM a \u00e9galement not\u00e9 que \u00able nouveau Mod\u00e8le de d\u00e9veloppement place le digital en tant que chantier d\u2019amor\u00e7age, de transformation et de d\u00e9veloppement \u00e9conomique. Il sera sans aucun doute notre roadmap pour la d\u00e9cennie \u00e0 venir\u00bb.<\/p>\n\n\n\n<p>Pour sa part, Ouassim El Arroussi a pr\u00e9sent\u00e9 des cas d\u2019usage du cloud au Maroc, ainsi que des retours d\u2019exp\u00e9riences de la contribution d\u2019Inwi dans la mise en place d\u2019un \u00abcloud souverain\u00bb permettant agilit\u00e9 et r\u00e9silience aupr\u00e8s des entreprises marocaines et des acteurs du secteur public. \u00abLa majorit\u00e9 des clients \u00e9taient non seulement initi\u00e9s, mais aussi convaincus par l\u2019int\u00e9r\u00eat et l\u2019apport du passage vers le cloud. Une conviction issue d\u2019un besoin imm\u00e9diat d\u2019am\u00e9liorer et de faire cro\u00eetre leurs capacit\u00e9s de production, et surtout de l\u2019urgence de la d\u00e9mat\u00e9rialisation impos\u00e9e par la conjoncture pand\u00e9mique\u00bb, a-t-il confi\u00e9.<\/p>\n","protected":false},"excerpt":{"rendered":"<p>La pertinence de la mise en place du cloud dans les entreprises marocaines a \u00e9t\u00e9 au c\u0153ur d\u2019une conf\u00e9rence-d\u00e9bat organis\u00e9e le 14 octobre dernier par l\u2019Association des Utilisateurs des Syst\u00e8mes d\u2019Information au Maroc (AUSIM) en partenariat avec l\u2019op\u00e9rateur Inwi. Anim\u00e9e par Amine Harrari, Directeur de la Transformation Digitale \u00e0 OCP Solutions, la conf\u00e9rence a connu &hellip;<\/p>\n","protected":false},"author":9,"featured_media":9368,"comment_status":"open","ping_status":"closed","sticky":false,"template":"","format":"standard","meta":{"footnotes":""},"categories":[468],"tags":[],"class_list":["post-9367","post","type-post","status-publish","format-standard","has-post-thumbnail","hentry","category-digitalisation"],"_links":{"self":[{"href":"https:\/\/letempsmag.ma\/index.php?rest_route=\/wp\/v2\/posts\/9367","targetHints":{"allow":["GET"]}}],"collection":[{"href":"https:\/\/letempsmag.ma\/index.php?rest_route=\/wp\/v2\/posts"}],"about":[{"href":"https:\/\/letempsmag.ma\/index.php?rest_route=\/wp\/v2\/types\/post"}],"author":[{"embeddable":true,"href":"https:\/\/letempsmag.ma\/index.php?rest_route=\/wp\/v2\/users\/9"}],"replies":[{"embeddable":true,"href":"https:\/\/letempsmag.ma\/index.php?rest_route=%2Fwp%2Fv2%2Fcomments&post=9367"}],"version-history":[{"count":1,"href":"https:\/\/letempsmag.ma\/index.php?rest_route=\/wp\/v2\/posts\/9367\/revisions"}],"predecessor-version":[{"id":9369,"href":"https:\/\/letempsmag.ma\/index.php?rest_route=\/wp\/v2\/posts\/9367\/revisions\/9369"}],"wp:featuredmedia":[{"embeddable":true,"href":"https:\/\/letempsmag.ma\/index.php?rest_route=\/wp\/v2\/media\/9368"}],"wp:attachment":[{"href":"https:\/\/letempsmag.ma\/index.php?rest_route=%2Fwp%2Fv2%2Fmedia&parent=9367"}],"wp:term":[{"taxonomy":"category","embeddable":true,"href":"https:\/\/letempsmag.ma\/index.php?rest_route=%2Fwp%2Fv2%2Fcategories&post=9367"},{"taxonomy":"post_tag","embeddable":true,"href":"https:\/\/letempsmag.ma\/index.php?rest_route=%2Fwp%2Fv2%2Ftags&post=9367"}],"curies":[{"name":"wp","href":"https:\/\/api.w.org\/{rel}","templated":true}]}}