{"id":9364,"date":"2021-10-27T10:51:33","date_gmt":"2021-10-27T09:51:33","guid":{"rendered":"https:\/\/letempsmag.ma\/?p=9364"},"modified":"2021-10-27T10:51:35","modified_gmt":"2021-10-27T09:51:35","slug":"le-ccm-lance-un-concours-sur-la-marche-verte-vue-par-les-jeunes-createurs-de-limage","status":"publish","type":"post","link":"https:\/\/letempsmag.ma\/?p=9364","title":{"rendered":"Le CCM lance un concours sur \u00abLa Marche Verte, vue par les jeunes cr\u00e9ateurs de l\u2019image\u00bb"},"content":{"rendered":"\n<p>Le Centre Cin\u00e9matographique Marocain (CCM) a annonc\u00e9, hier mardi, l&#8217;organisation de la 1<sup>\u00e8re<\/sup> \u00e9dition du concours \u00abLa Marche Verte, vue par les jeunes cr\u00e9ateurs de l\u2019image\u00bb. La tenue de ce concours de courts-m\u00e9trages, organis\u00e9 en collaboration avec le minist\u00e8re de la Jeunesse, la Culture et de la Communication, s&#8217;inscrit dans le cadre de la comm\u00e9moration du 46<sup>\u00e8me<\/sup> anniversaire de la Marche Verte, indique le CCM dans un communiqu\u00e9. L\u2019objectif de cette manifestation artistique, ouverte aux jeunes r\u00e9alisateurs amateurs et cr\u00e9ateurs de l\u2019image et de contenu vid\u00e9o, \u00e2g\u00e9s de 35 ans au plus, est d\u2019illustrer avec des images d\u2019archives, de fiction ou d\u2019animation cet \u00e9v\u00e9nement majeur qui a marqu\u00e9 l\u2019histoire du Royaume. Les inscriptions au concours seront ouvertes \u00e0 partir du vendredi prochain 29 octobre et les candidatures compl\u00e8tes sont \u00e0 envoyer avant la date limite du 4 novembre \u00e0 l\u2019adresse \u00e9lectronique \u00abfilmcourtmarcheverte@ccm.ma\u00bb. Pour plus d&#8217;informations sur le r\u00e8glement du concours, le CCM invite les candidats \u00e0 les t\u00e9l\u00e9charger sur son site web \u00abwww.ccm.ma\u00bb. (Photo&nbsp;: rgam.ma).<\/p>\n","protected":false},"excerpt":{"rendered":"<p>Le Centre Cin\u00e9matographique Marocain (CCM) a annonc\u00e9, hier mardi, l&#8217;organisation de la 1\u00e8re \u00e9dition du concours \u00abLa Marche Verte, vue par les jeunes cr\u00e9ateurs de l\u2019image\u00bb. La tenue de ce concours de courts-m\u00e9trages, organis\u00e9 en collaboration avec le minist\u00e8re de la Jeunesse, la Culture et de la Communication, s&#8217;inscrit dans le cadre de la comm\u00e9moration &hellip;<\/p>\n","protected":false},"author":9,"featured_media":9365,"comment_status":"open","ping_status":"closed","sticky":false,"template":"","format":"standard","meta":{"footnotes":""},"categories":[149],"tags":[],"class_list":["post-9364","post","type-post","status-publish","format-standard","has-post-thumbnail","hentry","category-art"],"_links":{"self":[{"href":"https:\/\/letempsmag.ma\/index.php?rest_route=\/wp\/v2\/posts\/9364","targetHints":{"allow":["GET"]}}],"collection":[{"href":"https:\/\/letempsmag.ma\/index.php?rest_route=\/wp\/v2\/posts"}],"about":[{"href":"https:\/\/letempsmag.ma\/index.php?rest_route=\/wp\/v2\/types\/post"}],"author":[{"embeddable":true,"href":"https:\/\/letempsmag.ma\/index.php?rest_route=\/wp\/v2\/users\/9"}],"replies":[{"embeddable":true,"href":"https:\/\/letempsmag.ma\/index.php?rest_route=%2Fwp%2Fv2%2Fcomments&post=9364"}],"version-history":[{"count":1,"href":"https:\/\/letempsmag.ma\/index.php?rest_route=\/wp\/v2\/posts\/9364\/revisions"}],"predecessor-version":[{"id":9366,"href":"https:\/\/letempsmag.ma\/index.php?rest_route=\/wp\/v2\/posts\/9364\/revisions\/9366"}],"wp:featuredmedia":[{"embeddable":true,"href":"https:\/\/letempsmag.ma\/index.php?rest_route=\/wp\/v2\/media\/9365"}],"wp:attachment":[{"href":"https:\/\/letempsmag.ma\/index.php?rest_route=%2Fwp%2Fv2%2Fmedia&parent=9364"}],"wp:term":[{"taxonomy":"category","embeddable":true,"href":"https:\/\/letempsmag.ma\/index.php?rest_route=%2Fwp%2Fv2%2Fcategories&post=9364"},{"taxonomy":"post_tag","embeddable":true,"href":"https:\/\/letempsmag.ma\/index.php?rest_route=%2Fwp%2Fv2%2Ftags&post=9364"}],"curies":[{"name":"wp","href":"https:\/\/api.w.org\/{rel}","templated":true}]}}