{"id":9146,"date":"2021-10-20T09:20:59","date_gmt":"2021-10-20T08:20:59","guid":{"rendered":"https:\/\/letempsmag.ma\/?p=9146"},"modified":"2021-10-20T09:21:01","modified_gmt":"2021-10-20T08:21:01","slug":"ce-que-prevoit-le-fonds-monetaire-international-au-maroc-a-la-fin-de-cette-annee","status":"publish","type":"post","link":"https:\/\/letempsmag.ma\/?p=9146","title":{"rendered":"Ce que pr\u00e9voit le Fonds Mon\u00e9taire International au Maroc \u00e0 la fin de cette ann\u00e9e"},"content":{"rendered":"\n<p>Le Fonds Mon\u00e9taire International (FMI), qui pr\u00e9voit une croissance de 5,7% au Maroc \u00e0 la fin de cette ann\u00e9e 2021, s\u2019attend \u00e0 ce que la reprise post-coronavirus \u00abse renforce\u00bb dans le Royaume \u00e0 la faveur de la relance des exportations, des bonnes performances du secteur agricole et des r\u00e9sultats des politiques mises en \u0153uvre pour lutter contre la pand\u00e9mie et acc\u00e9l\u00e9rer la vaccination.<\/p>\n\n\n\n<p>\u00abCette reprise va se renforcer \u00e0 l\u2019avenir parce que les chiffres montrent que la croissance des exportations est forte, que le secteur agricole, qui repr\u00e9sente une activit\u00e9 importante au Maroc, retrouve une reprise solide cette ann\u00e9e, mais aussi que la capacit\u00e9 de l\u2019\u00e9conomie marocaine de reprendre une activit\u00e9 normale se mat\u00e9rialise\u00bb, a indiqu\u00e9 hier mardi Jihad Azour, Directeur du D\u00e9partement Moyen-Orient et Asie Centrale du FMI.<\/p>\n\n\n\n<p>\u00abCeci est le r\u00e9sultat des politiques qui ont \u00e9t\u00e9 mises en place pour lutter contre le \u00abCovid-19\u00bb avec une acc\u00e9l\u00e9ration de la vaccination\u00bb, a soulign\u00e9 le haut responsable du FMI en r\u00e9ponse \u00e0 une question de la MAP (Bureau de Washington) lors d\u2019un point de presse pour la pr\u00e9sentation du rapport du FMI sur les \u00abPerspectives \u00e9conomiques r\u00e9gionales\u00bb. Dans ce nouveau rapport publi\u00e9 \u00e0 l\u2019occasion de ses r\u00e9unions d\u2019automne, le FMI cite le Maroc parmi les pays de la r\u00e9gion qui ont \u00abbien avanc\u00e9 dans leurs campagnes de vaccination\u00bb, tout en rappelant qu\u2019au niveau r\u00e9gional, comme \u00e0 travers le monde, \u00abacc\u00e9l\u00e9rer l\u2019acquisition et la distribution de vaccins reste la priorit\u00e9 absolue \u00e0 court terme pour sauver des vies, favoriser la reprise et \u00e9viter que les \u00e9carts ne se creusent\u00bb.<\/p>\n\n\n\n<p>Jihad Azour a poursuivi&nbsp;: \u00abLe Maroc est l\u2019un des pays qui ont r\u00e9agi le plus rapidement et le plus efficacement pour lutter contre cette crise sanitaire\u00bb, en relevant que gr\u00e2ce \u00e0 un certain nombre de mesures fiscales, mon\u00e9taires et financi\u00e8res, l\u2019\u00e9conomie marocaine \u00aba r\u00e9ussi l\u2019ann\u00e9e derni\u00e8re \u00e0 limiter l\u2019impact de cette crise\u00bb.<\/p>\n\n\n\n<p>Tout au long de la pand\u00e9mie, le Royaume a r\u00e9ussi \u00e0 apporter \u00abun soutien social \u00e0 plus de 5 millions de familles qui sont dans l\u2019informel. Aussi, l&#8217;acc\u00e9l\u00e9ration de la vaccination et les mesures prises pour limiter l\u2019impact de la crise sanitaire sur l\u2019\u00e9conomie ont permis au Maroc de r\u00e9ussir une reprise rapide en 2021, et l\u2019on pr\u00e9voit une croissance de 5,7% cette ann\u00e9e qui, en fait, compense la contraction qu\u2019a connue l&#8217;\u00e9conomie marocaine l\u2019ann\u00e9e derni\u00e8re\u00bb, a expliqu\u00e9 le haut responsable du FMI.<\/p>\n\n\n\n<p>Rappelant que le Fonds Mon\u00e9taire International accompagne le Maroc dans ses politiques de transformation et de r\u00e9formes, Jihad Azour a indiqu\u00e9 que \u00abl\u2019institution financi\u00e8re a accord\u00e9, l&#8217;ann\u00e9e derni\u00e8re, 3 milliards de dollars d\u2019une Ligne de Pr\u00e9cautions et de Liquidit\u00e9s (LPL) qui a permis au Royaume non seulement de renforcer sa liquidit\u00e9 mais aussi de donner un signal fort aux march\u00e9s internationaux. Cela a permis aussi au Maroc, \u00e0 la fin de l&#8217;ann\u00e9e derni\u00e8re, de revenir sur les march\u00e9s des capitaux avec une \u00e9mission qui a rencontr\u00e9 un grand succ\u00e8s\u00bb.<\/p>\n","protected":false},"excerpt":{"rendered":"<p>Le Fonds Mon\u00e9taire International (FMI), qui pr\u00e9voit une croissance de 5,7% au Maroc \u00e0 la fin de cette ann\u00e9e 2021, s\u2019attend \u00e0 ce que la reprise post-coronavirus \u00abse renforce\u00bb dans le Royaume \u00e0 la faveur de la relance des exportations, des bonnes performances du secteur agricole et des r\u00e9sultats des politiques mises en \u0153uvre pour &hellip;<\/p>\n","protected":false},"author":9,"featured_media":9147,"comment_status":"open","ping_status":"closed","sticky":false,"template":"","format":"standard","meta":{"footnotes":""},"categories":[340],"tags":[],"class_list":["post-9146","post","type-post","status-publish","format-standard","has-post-thumbnail","hentry","category-relance"],"_links":{"self":[{"href":"https:\/\/letempsmag.ma\/index.php?rest_route=\/wp\/v2\/posts\/9146","targetHints":{"allow":["GET"]}}],"collection":[{"href":"https:\/\/letempsmag.ma\/index.php?rest_route=\/wp\/v2\/posts"}],"about":[{"href":"https:\/\/letempsmag.ma\/index.php?rest_route=\/wp\/v2\/types\/post"}],"author":[{"embeddable":true,"href":"https:\/\/letempsmag.ma\/index.php?rest_route=\/wp\/v2\/users\/9"}],"replies":[{"embeddable":true,"href":"https:\/\/letempsmag.ma\/index.php?rest_route=%2Fwp%2Fv2%2Fcomments&post=9146"}],"version-history":[{"count":1,"href":"https:\/\/letempsmag.ma\/index.php?rest_route=\/wp\/v2\/posts\/9146\/revisions"}],"predecessor-version":[{"id":9148,"href":"https:\/\/letempsmag.ma\/index.php?rest_route=\/wp\/v2\/posts\/9146\/revisions\/9148"}],"wp:featuredmedia":[{"embeddable":true,"href":"https:\/\/letempsmag.ma\/index.php?rest_route=\/wp\/v2\/media\/9147"}],"wp:attachment":[{"href":"https:\/\/letempsmag.ma\/index.php?rest_route=%2Fwp%2Fv2%2Fmedia&parent=9146"}],"wp:term":[{"taxonomy":"category","embeddable":true,"href":"https:\/\/letempsmag.ma\/index.php?rest_route=%2Fwp%2Fv2%2Fcategories&post=9146"},{"taxonomy":"post_tag","embeddable":true,"href":"https:\/\/letempsmag.ma\/index.php?rest_route=%2Fwp%2Fv2%2Ftags&post=9146"}],"curies":[{"name":"wp","href":"https:\/\/api.w.org\/{rel}","templated":true}]}}