{"id":8941,"date":"2021-10-14T07:57:04","date_gmt":"2021-10-14T06:57:04","guid":{"rendered":"https:\/\/letempsmag.ma\/?p=8941"},"modified":"2021-10-14T07:57:05","modified_gmt":"2021-10-14T06:57:05","slug":"istanbul-accueille-le-3eme-forum-turquie-afrique-dans-une-perspective-de-post-pandemie","status":"publish","type":"post","link":"https:\/\/letempsmag.ma\/?p=8941","title":{"rendered":"Istanbul accueille le 3\u00e8me Forum Turquie-Afrique dans une perspective de post-pand\u00e9mie"},"content":{"rendered":"\n<p>Le 3<sup>\u00e8me<\/sup> Forum \u00c9conomique et des Affaires Turquie-Afrique se tiendra \u00e0 Istanbul, les 21 et 22 octobre prochain. Le gouvernement turc organisera cet \u00e9v\u00e9nement en partenariat avec l\u2019Union Africaine avec pour objectif d\u2019approfondir et de renforcer la coop\u00e9ration strat\u00e9gique et le partenariat d\u00e9j\u00e0 existant entre la Turquie et les pays africains. Le Forum a \u00e9galement pour vocation de promouvoir des d\u00e9bats sur la mani\u00e8re d\u2019approfondir le partenariat entre la Turquie et le continent africain dans la perspective post-pand\u00e9mie, et ce, dans divers domaines&nbsp;: commerce, industrie, investissements, technologie, logistique, transports, etc.<\/p>\n\n\n\n<p>Le Forum sera inaugur\u00e9 par le Pr\u00e9sident turc Recep Tayyip Erdogan (sur la photo, l\u2019ouverture d\u2019une pr\u00e9c\u00e9dente \u00e9dition du Forum) et accueillera, deux jours durant, des ministres et hauts responsables de pays africains, des hommes d\u2019affaires turcs et africains, des d\u00e9cideurs d\u2019institutions op\u00e9rant dans le secteur priv\u00e9 et des repr\u00e9sentants des m\u00e9dias internationaux. En tout, plus d\u2019un millier de participants \u00e0 ce conclave strat\u00e9gique qu\u2019accueille la Turquie au moment o\u00f9 le monde commence \u00e0 s\u2019ouvrir de nouveau aux \u00e9changes et \u00e0 l\u2019activit\u00e9 \u00e9conomique normale.<\/p>\n\n\n\n<p>Le 3<sup>\u00e8me<\/sup> Forum \u00c9conomique et des Affaires Turquie-Afrique affiche, entre autres ambitions, de servir de cadre d\u2019\u00e9change d\u2019id\u00e9es sur la ZLECA (Zone de Libre-\u00c9change Continentale Africaine) ainsi que sur la coop\u00e9ration bilat\u00e9rale et multilat\u00e9rale dans des domaines-cl\u00e9s tels que l\u2019agriculture, l\u2019\u00e9nergie, la sant\u00e9, le tourisme, l\u2019\u00e9ducation\u2026<\/p>\n\n\n\n<p>L\u2019organisation du Forum est assur\u00e9e par DEIK, qui est le Conseil des relations \u00e9conomiques \u00e9trang\u00e8res, une institution fond\u00e9e en 1986 avec pour mission de piloter les relations \u00e9conomiques ext\u00e9rieures de la Turquie, principalement en mati\u00e8re de commerce ext\u00e9rieur, de services, de contrats d\u2019entreprises et de logistique dans le secteur priv\u00e9. Le DEIK a \u00e9galement pour mission de prospecter les opportunit\u00e9s d\u2019investissement dans le pays et \u00e0 l\u2019\u00e9tranger, de contribuer \u00e0 la croissance des exportations de la Turquie et de stimuler la croissance du commerce multilat\u00e9ral.<\/p>\n\n\n\n<p><strong>LAIDIA FAHIM<\/strong><\/p>\n","protected":false},"excerpt":{"rendered":"<p>Le 3\u00e8me Forum \u00c9conomique et des Affaires Turquie-Afrique se tiendra \u00e0 Istanbul, les 21 et 22 octobre prochain. Le gouvernement turc organisera cet \u00e9v\u00e9nement en partenariat avec l\u2019Union Africaine avec pour objectif d\u2019approfondir et de renforcer la coop\u00e9ration strat\u00e9gique et le partenariat d\u00e9j\u00e0 existant entre la Turquie et les pays africains. Le Forum a \u00e9galement &hellip;<\/p>\n","protected":false},"author":9,"featured_media":8942,"comment_status":"open","ping_status":"closed","sticky":false,"template":"","format":"standard","meta":{"footnotes":""},"categories":[201],"tags":[],"class_list":["post-8941","post","type-post","status-publish","format-standard","has-post-thumbnail","hentry","category-affaires"],"_links":{"self":[{"href":"https:\/\/letempsmag.ma\/index.php?rest_route=\/wp\/v2\/posts\/8941","targetHints":{"allow":["GET"]}}],"collection":[{"href":"https:\/\/letempsmag.ma\/index.php?rest_route=\/wp\/v2\/posts"}],"about":[{"href":"https:\/\/letempsmag.ma\/index.php?rest_route=\/wp\/v2\/types\/post"}],"author":[{"embeddable":true,"href":"https:\/\/letempsmag.ma\/index.php?rest_route=\/wp\/v2\/users\/9"}],"replies":[{"embeddable":true,"href":"https:\/\/letempsmag.ma\/index.php?rest_route=%2Fwp%2Fv2%2Fcomments&post=8941"}],"version-history":[{"count":1,"href":"https:\/\/letempsmag.ma\/index.php?rest_route=\/wp\/v2\/posts\/8941\/revisions"}],"predecessor-version":[{"id":8943,"href":"https:\/\/letempsmag.ma\/index.php?rest_route=\/wp\/v2\/posts\/8941\/revisions\/8943"}],"wp:featuredmedia":[{"embeddable":true,"href":"https:\/\/letempsmag.ma\/index.php?rest_route=\/wp\/v2\/media\/8942"}],"wp:attachment":[{"href":"https:\/\/letempsmag.ma\/index.php?rest_route=%2Fwp%2Fv2%2Fmedia&parent=8941"}],"wp:term":[{"taxonomy":"category","embeddable":true,"href":"https:\/\/letempsmag.ma\/index.php?rest_route=%2Fwp%2Fv2%2Fcategories&post=8941"},{"taxonomy":"post_tag","embeddable":true,"href":"https:\/\/letempsmag.ma\/index.php?rest_route=%2Fwp%2Fv2%2Ftags&post=8941"}],"curies":[{"name":"wp","href":"https:\/\/api.w.org\/{rel}","templated":true}]}}