{"id":8883,"date":"2021-10-11T10:22:24","date_gmt":"2021-10-11T09:22:24","guid":{"rendered":"https:\/\/letempsmag.ma\/?p=8883"},"modified":"2021-10-11T10:22:26","modified_gmt":"2021-10-11T09:22:26","slug":"le-pavillon-maroc-met-en-lumiere-les-acteurs-du-rayonnement-du-royaume","status":"publish","type":"post","link":"https:\/\/letempsmag.ma\/?p=8883","title":{"rendered":"Le Pavillon Maroc met en lumi\u00e8re les acteurs du rayonnement du Royaume"},"content":{"rendered":"\n<p>\u00c0 l\u2019Expo 2020 Duba\u00ef, le Maroc est pr\u00e9sent parmi les 192 pays participants, pour partager sa vision singuli\u00e8re d\u2019un avenir durable et apporter sa contribution aux efforts et \u00e0 la collaboration mondiale pour une relance \u00e9conomique post-\u00abCovid\u00bb, depuis le 1<sup>er<\/sup> octobre courant jusqu\u2019au 31 mars 2022. Tout au long de ces 6 mois, le Pavillon Maroc sera soutenu en force par ses partenaires officiels, que sont la Maison de l\u2019Artisan, la MASEN, l\u2019ONMT, la RAM, ainsi que ses sponsors le groupe Al Mada, l\u2019AMDIE, la SMIT, l\u2019UM6P, l\u2019ANRT, Al Omrane, Bank Of Africa, la CDG, Ithmar Capital, l\u2019ONEE, Tanger Med et l\u2019ONCF. Ces acteurs institutionnels, publics et priv\u00e9s, ont activement particip\u00e9 \u00e0 l\u2019\u00e9laboration de la programmation \u00e9conomique et scientifique du Pavillon national et exposeront leur vision d\u2019un avenir mondial plus durable, le r\u00f4le et les efforts fournis par le Maroc pour repenser le monde de demain, dans un esprit de coop\u00e9ration et de solidarit\u00e9 internationale.<\/p>\n\n\n\n<p>Le Pavillon Maroc est \u00e9galement soutenu par ses partenaires m\u00e9dias qui couvriront et relaieront aupr\u00e8s du grand public national et le public cible les temps forts et moments phares de la programmation \u00e9conomique, scientifique et culturelle du Pavillon Maroc.<\/p>\n\n\n\n<p>D\u00e8s la premi\u00e8re semaine th\u00e9matique de l\u2019Expo 2020 Duba\u00ef, la Semaine du Climat et de la Biodiversit\u00e9, qui s\u2019est d\u00e9roul\u00e9e du 3 au 9 octobre, les partenaires du Pavillon Maroc ont anim\u00e9 et sont intervenus dans diff\u00e9rentes conf\u00e9rences avec la participation notamment de la MASEN, NAREVA, l\u2019ONEE, l\u2019IRESEN, l\u2019AMEE, Managem, l\u2019ADA, l\u2019ANDZOA et l\u2019UCFA. En collaboration avec la CGEM et l\u2019AMDIE, le Maroc a entrepris de cr\u00e9er au sein de sa programmation une semaine d\u00e9di\u00e9e au Royaume, au-del\u00e0 des 10 semaines th\u00e9matiques d\u00e9velopp\u00e9es par les organisateurs, pour pr\u00e9senter ses potentialit\u00e9s et mettre en avant son attractivit\u00e9 internationale en tant que hub mondial pour l\u2019investissement. Cette semaine, qui se d\u00e9roulera du 10 au 16 octobre courant, portera sur un programme d\u2019\u00e9v\u00e9nements scientifiques, \u00e9conomiques et de business et permettra de mettre en lumi\u00e8re un Maroc moderne et connect\u00e9, de valoriser les opportunit\u00e9s d\u2019investissement du Royaume ainsi que sa dynamique de d\u00e9veloppement \u00e9conomique et humain, durable et inclusive pour les g\u00e9n\u00e9rations futures. Elle a \u00e9t\u00e9 marqu\u00e9e notamment par le lancement par l\u2019AMDIE de la marque \u00abMorocco Now\u00bb \u00e0 l\u2019international, hier dimanche 10 octobre.<\/p>\n\n\n\n<p>Afin de refl\u00e9ter au mieux la sph\u00e8re \u00e9conomique du Royaume, des panels dynamiques d\u00e9di\u00e9s \u00e0 la finance, aux opportunit\u00e9s d\u2019investissement touristique et industriel, aux t\u00e9l\u00e9communications, aux \u00e9nergies renouvelables, \u00e0 la connectivit\u00e9 ou encore \u00e0 la strat\u00e9gie nationale agricole \u00abGreen Generation\u00bb couvriront l\u2019ensemble des secteurs et leur \u00e9volution. Des \u00e9v\u00e9nements auxquels tous les partenaires du Pavillon Maroc ainsi que d\u2019autres institutions minist\u00e9rielles, publiques ou priv\u00e9es, ont fortement contribu\u00e9 en termes de programmation. Les partenaires du Pavillon Maroc seront pr\u00e9sents en force pour animer ces \u00e9v\u00e9nements et accompagner le Pavillon Maroc dans son objectif de mettre en avant la dynamique du Royaume, en le positionnant sur les diff\u00e9rents sujets mondiaux du moment tout en d\u00e9montrant sa volont\u00e9 \u00e0 contribuer \u00e0 rendre l\u2019humanit\u00e9 meilleure et p\u00e9renne, \u00e0 travers la coop\u00e9ration scientifique et \u00e9conomique.<\/p>\n\n\n\n<p>Soutenu par l\u2019ensemble de ses partenaires, le Pavillon Maroc prendra part \u00e0 pr\u00e8s de 80 \u00e9v\u00e9nements en qualit\u00e9 d\u2019organisateur, d\u2019intervenant ou de participant lors des diff\u00e9rentes Semaines th\u00e9matiques. Autant d\u2019\u00e9v\u00e9nements o\u00f9 les partenaires et les acteurs priv\u00e9s et publics du pays seront mobilis\u00e9s pour faire entendre la voix du Royaume et lui assurer la meilleure visibilit\u00e9 possible tout au long des six mois de l\u2019Exposition Universelle Duba\u00ef 2020.<\/p>\n\n\n\n<p>Pr\u00e9cisons que les relations publiques du Pavillon Maroc, plac\u00e9es sous la responsabilit\u00e9 du Commissariat G\u00e9n\u00e9ral du Pavillon, sont assur\u00e9es au Maroc par l\u2019agence Publikart que dirige Sana Smyej avec un professionnalisme et une rigueur remarquables.<\/p>\n","protected":false},"excerpt":{"rendered":"<p>\u00c0 l\u2019Expo 2020 Duba\u00ef, le Maroc est pr\u00e9sent parmi les 192 pays participants, pour partager sa vision singuli\u00e8re d\u2019un avenir durable et apporter sa contribution aux efforts et \u00e0 la collaboration mondiale pour une relance \u00e9conomique post-\u00abCovid\u00bb, depuis le 1er octobre courant jusqu\u2019au 31 mars 2022. Tout au long de ces 6 mois, le Pavillon &hellip;<\/p>\n","protected":false},"author":9,"featured_media":8884,"comment_status":"open","ping_status":"closed","sticky":false,"template":"","format":"standard","meta":{"footnotes":""},"categories":[446],"tags":[],"class_list":["post-8883","post","type-post","status-publish","format-standard","has-post-thumbnail","hentry","category-expo-dubai-2"],"_links":{"self":[{"href":"https:\/\/letempsmag.ma\/index.php?rest_route=\/wp\/v2\/posts\/8883","targetHints":{"allow":["GET"]}}],"collection":[{"href":"https:\/\/letempsmag.ma\/index.php?rest_route=\/wp\/v2\/posts"}],"about":[{"href":"https:\/\/letempsmag.ma\/index.php?rest_route=\/wp\/v2\/types\/post"}],"author":[{"embeddable":true,"href":"https:\/\/letempsmag.ma\/index.php?rest_route=\/wp\/v2\/users\/9"}],"replies":[{"embeddable":true,"href":"https:\/\/letempsmag.ma\/index.php?rest_route=%2Fwp%2Fv2%2Fcomments&post=8883"}],"version-history":[{"count":1,"href":"https:\/\/letempsmag.ma\/index.php?rest_route=\/wp\/v2\/posts\/8883\/revisions"}],"predecessor-version":[{"id":8885,"href":"https:\/\/letempsmag.ma\/index.php?rest_route=\/wp\/v2\/posts\/8883\/revisions\/8885"}],"wp:featuredmedia":[{"embeddable":true,"href":"https:\/\/letempsmag.ma\/index.php?rest_route=\/wp\/v2\/media\/8884"}],"wp:attachment":[{"href":"https:\/\/letempsmag.ma\/index.php?rest_route=%2Fwp%2Fv2%2Fmedia&parent=8883"}],"wp:term":[{"taxonomy":"category","embeddable":true,"href":"https:\/\/letempsmag.ma\/index.php?rest_route=%2Fwp%2Fv2%2Fcategories&post=8883"},{"taxonomy":"post_tag","embeddable":true,"href":"https:\/\/letempsmag.ma\/index.php?rest_route=%2Fwp%2Fv2%2Ftags&post=8883"}],"curies":[{"name":"wp","href":"https:\/\/api.w.org\/{rel}","templated":true}]}}