{"id":8778,"date":"2021-10-07T10:27:54","date_gmt":"2021-10-07T09:27:54","guid":{"rendered":"https:\/\/letempsmag.ma\/?p=8778"},"modified":"2021-10-07T10:27:55","modified_gmt":"2021-10-07T09:27:55","slug":"linstitut-pasteur-du-maroc-et-sanofi-pasteur-accentuent-leur-partenariat-dans-la-prevention-et-le-traitement-de-la-rage","status":"publish","type":"post","link":"https:\/\/letempsmag.ma\/?p=8778","title":{"rendered":"L\u2019Institut Pasteur du Maroc et Sanofi Pasteur accentuent leur partenariat dans la pr\u00e9vention et le traitement de la rage"},"content":{"rendered":"\n<p>\u00c0 l\u2019occasion de la Journ\u00e9e Mondiale contre la Rage, comm\u00e9mor\u00e9e cette ann\u00e9e pour sa 15<sup>\u00e8me<\/sup> \u00e9dition, l\u2019Institut Pasteur du Maroc et Sanofi Pasteur ont organis\u00e9 vendredi dernier un important d\u00e9bat scientifique en mode distanciel sur le th\u00e8me de \u00abla prise en charge de l\u2019individu post-exposition au risque rabique\u00bb. L\u2019objectif&nbsp;: soutenir la sensibilisation \u00e0 la rage et son \u00e9limination \u00e0 l\u2019\u00e9chelle nationale en partageant l\u2019exp\u00e9rience de l\u2019Institut Pasteur du Maroc en mati\u00e8re de protocole de prise en charge pratique des cas de morsures li\u00e9s au risque rabique, ainsi que de promouvoir les concepts de collaboration intersectorielle entre les diff\u00e9rents acteurs dans ce domaine.<\/p>\n\n\n\n<p>Rappelons d\u2019embl\u00e9e que la rage est une maladie d\u2019origine virale que l\u2019on trouve chez les animaux domestiques et sauvages. Elle est transmise aux hommes par des animaux infect\u00e9s et concerne plus de 150 pays et territoires. Une fois que les sympt\u00f4mes cliniques se d\u00e9clarent, la maladie est toujours mortelle&nbsp;! Probl\u00e8me majeur de sant\u00e9 publique dans les pays en d\u00e9veloppement, notamment du fait de chiens errants malades, la rage provoque encore le d\u00e9c\u00e8s de dizaines de milliers de personnes chaque ann\u00e9e.<\/p>\n\n\n\n<p>Pour pr\u00e9venir la rage, les experts recommandent de&nbsp;:<\/p>\n\n\n\n<p>&#8211; Vacciner les animaux domestiques contre la rage, notamment les chiens et les chats.<\/p>\n\n\n\n<p>&#8211; \u00c9viter tout contact avec des animaux inconnus, en particulier les chiens et les chats.<\/p>\n\n\n\n<p>&#8211; Conseiller aux enfants de ne pas toucher les animaux inconnus et les inciter \u00e0 signaler toute morsure et\/ou griffure auxquelles ils \u00e9taient expos\u00e9s.<\/p>\n\n\n\n<p>&#8211; En cas de contact avec un animal suspect \u00eatre atteint de la rage, il est imp\u00e9ratif de bien laver la blessure avec de l\u2019eau et du savon pendant 15 minutes et se diriger imm\u00e9diatement au centre antirabique le plus proche pour recevoir un traitement appropri\u00e9 de la plaie et b\u00e9n\u00e9ficier d\u2019une vaccination.<\/p>\n\n\n\n<p>L\u2019institut Pasteur du Maroc est un acteur majeur dans la politique nationale de lutte contre la rage. \u00abNotre strat\u00e9gie s\u2019articule autour de 5 axes majeurs&nbsp;: la surveillance \u00e9pid\u00e9miologique, la sensibilisation des populations, la prise en charge des malades via la vaccination, le diagnostic biologique et la tutelle technique des centres antirabiques\u00bb, explique le Pr Abderrahmane Ma\u00e2roufi, Directeur de l\u2019Institut Pasteur du Maroc. L\u2019Institut assure \u00e9galement l\u2019approvisionnement permanent en s\u00e9rums et vaccins antirabiques avec approximativement 250.000 \u00e0 300.000 doses dispens\u00e9es chaque ann\u00e9e. Il assure aussi des prestations th\u00e9rapeutiques et pr\u00e9ventives contre la maladie gr\u00e2ce au service antirabique.<\/p>\n\n\n\n<p>Concernant la vaccination des personnes mordues par un animal, l\u2019Institut Pasteur du Maroc collabore \u00e9troitement avec Sanofi Pasteur, la Division Vaccins du groupe Sanofi. \u00abNous sommes pleinement engag\u00e9s au c\u00f4t\u00e9 de l\u2019Institut Pasteur du Maroc dans le cadre du programme national de lutte contre la rage. Notre collaboration s\u2019\u00e9tend \u00e9galement \u00e0 d\u2019autres pathologies, notamment la grippe saisonni\u00e8re ainsi que les maladies tropicales\u00bb, d\u00e9clare pour sa part Jean-Baptiste Bregeon, Directeur G\u00e9n\u00e9ral de Sanofi Pasteur Afrique du Nord.<\/p>\n\n\n\n<p>Au cours des 40 derni\u00e8res ann\u00e9es, Sanofi Pasteur a distribu\u00e9 plus de 200 millions de doses de vaccin dans 100 pays. En \u00e9troite collaboration avec l\u2019Alliance Mondiale pour le Contr\u00f4le de la Rage, Sanofi Pasteur organise des conf\u00e9rences et des r\u00e9unions en Afrique, en Asie et au Moyen-Orient dans le but de former les professionnels de sant\u00e9 et d\u2019am\u00e9liorer la pr\u00e9vention et le traitement de la rage.<\/p>\n\n\n\n<p>Durant le webinaire organis\u00e9 vendredi dernier, deux experts ont pr\u00e9sent\u00e9 d\u2019int\u00e9ressantes donn\u00e9es et indicateurs sur le sujet. Il s&#8217;agit du Dr Rich (coordinateur de l\u2019unit\u00e9 vaccination antirabique \u00e0 l\u2019Institut Pasteur du Maroc) et du Pr Abderrahmane Chakib (professeur des maladies infectieuses et m\u00e9decine tropicale au CHU Ibn Rochd de Casablanca).<\/p>\n\n\n\n<p>Rappelons que le groupe fran\u00e7ais Sanofi est un acteur mondial dans le domaine pointu de la biopharmacie orient\u00e9e sur la sant\u00e9 humaine. Il \u0153uvre \u00e0 pr\u00e9venir les maladies avec ses vaccins et propose des traitements sans cesse innovants. Le groupe est leader du march\u00e9 pharmaceutique marocain et pr\u00e9sent au Maroc depuis plus de 50 ans. Les activit\u00e9s de Sanofi dans le Royaume concernent l\u2019enregistrement, la production, la distribution et la commercialisation de solutions th\u00e9rapeutiques centr\u00e9es sur les besoins des patients dans les principaux axes th\u00e9rapeutiques&nbsp;: diab\u00e8te et cardiovasculaire, m\u00e9decine g\u00e9n\u00e9rale, maladies rares, vaccins et sant\u00e9 grand Public\u2026 Sanofi dispose \u00e9galement d\u2019une activit\u00e9 production et export destin\u00e9e \u00e0 l\u2019Afrique subsaharienne, notamment pour l\u2019antipalud\u00e9en \u00abASAQ\u00bb.<\/p>\n\n\n\n<p><strong>M. E.<\/strong><\/p>\n","protected":false},"excerpt":{"rendered":"<p>\u00c0 l\u2019occasion de la Journ\u00e9e Mondiale contre la Rage, comm\u00e9mor\u00e9e cette ann\u00e9e pour sa 15\u00e8me \u00e9dition, l\u2019Institut Pasteur du Maroc et Sanofi Pasteur ont organis\u00e9 vendredi dernier un important d\u00e9bat scientifique en mode distanciel sur le th\u00e8me de \u00abla prise en charge de l\u2019individu post-exposition au risque rabique\u00bb. L\u2019objectif&nbsp;: soutenir la sensibilisation \u00e0 la rage &hellip;<\/p>\n","protected":false},"author":9,"featured_media":8779,"comment_status":"open","ping_status":"closed","sticky":false,"template":"","format":"standard","meta":{"footnotes":""},"categories":[26],"tags":[],"class_list":["post-8778","post","type-post","status-publish","format-standard","has-post-thumbnail","hentry","category-sante"],"_links":{"self":[{"href":"https:\/\/letempsmag.ma\/index.php?rest_route=\/wp\/v2\/posts\/8778","targetHints":{"allow":["GET"]}}],"collection":[{"href":"https:\/\/letempsmag.ma\/index.php?rest_route=\/wp\/v2\/posts"}],"about":[{"href":"https:\/\/letempsmag.ma\/index.php?rest_route=\/wp\/v2\/types\/post"}],"author":[{"embeddable":true,"href":"https:\/\/letempsmag.ma\/index.php?rest_route=\/wp\/v2\/users\/9"}],"replies":[{"embeddable":true,"href":"https:\/\/letempsmag.ma\/index.php?rest_route=%2Fwp%2Fv2%2Fcomments&post=8778"}],"version-history":[{"count":1,"href":"https:\/\/letempsmag.ma\/index.php?rest_route=\/wp\/v2\/posts\/8778\/revisions"}],"predecessor-version":[{"id":8780,"href":"https:\/\/letempsmag.ma\/index.php?rest_route=\/wp\/v2\/posts\/8778\/revisions\/8780"}],"wp:featuredmedia":[{"embeddable":true,"href":"https:\/\/letempsmag.ma\/index.php?rest_route=\/wp\/v2\/media\/8779"}],"wp:attachment":[{"href":"https:\/\/letempsmag.ma\/index.php?rest_route=%2Fwp%2Fv2%2Fmedia&parent=8778"}],"wp:term":[{"taxonomy":"category","embeddable":true,"href":"https:\/\/letempsmag.ma\/index.php?rest_route=%2Fwp%2Fv2%2Fcategories&post=8778"},{"taxonomy":"post_tag","embeddable":true,"href":"https:\/\/letempsmag.ma\/index.php?rest_route=%2Fwp%2Fv2%2Ftags&post=8778"}],"curies":[{"name":"wp","href":"https:\/\/api.w.org\/{rel}","templated":true}]}}