{"id":8452,"date":"2021-09-25T09:13:34","date_gmt":"2021-09-25T08:13:34","guid":{"rendered":"https:\/\/letempsmag.ma\/?p=8452"},"modified":"2021-09-25T09:13:35","modified_gmt":"2021-09-25T08:13:35","slug":"le-recent-et-non-dernier-trip","status":"publish","type":"post","link":"https:\/\/letempsmag.ma\/?p=8452","title":{"rendered":"Le r\u00e9cent (et non dernier) \u00abtrip\u00bb !"},"content":{"rendered":"\n<p class=\"has-text-align-center\"><strong>Par HASSAN EL ARCH<\/strong><\/p>\n\n\n\n<p class=\"has-text-align-center\"><strong>Directeur de la R\u00e9daction<\/strong><\/p>\n\n\n\n<p class=\"has-text-align-center\"><strong>direction@letempsmag.ma<\/strong><\/p>\n\n\n\n<p><\/p>\n\n\n\n<p>Au risque de d\u00e9cevoir un ami qui me reproche de faire <em>\u00abune fixation\u00bb<\/em> sur l\u2019hostilit\u00e9 alg\u00e9rienne envers le Maroc et qui me sugg\u00e8re de <em>\u00abprendre de la hauteur\u00bb<\/em> par rapport aux \u00e9v\u00e9nements, eh bien je vais commettre encore un billet sur les locataires du Palais El Mouradia. D\u00e9sol\u00e9 (et puis non, je ne le suis pas&nbsp;!), mais je suis Marocain d\u2019abord, journaliste ensuite. En tant que tel, j\u2019aime mon pays et m\u2019\u00e9l\u00e8ve contre quiconque lui veut du mal. De l\u2019ext\u00e9rieur comme de l\u2019int\u00e9rieur.<\/p>\n\n\n\n<p>Alors oui, je fais de la <em>\u00abfixation\u00bb<\/em> ordinaire tout le temps, mais intens\u00e9ment une fois par semaine, pendant quelques minutes avant que le besoin de <em>\u00abprendre de la hauteur\u00bb<\/em> me dise de passer \u00e0 autre chose. Mille sujets dans l\u2019actualit\u00e9 quotidienne appellent r\u00e9flexion, analyse, d\u00e9bat\u2026 La parano\u00efa du pouvoir alg\u00e9rien n\u2019\u00e9tant qu\u2019un bruit de fond couvert par le torrent des \u00e9v\u00e9nements. Ce bruit, toutefois, varie en tonalit\u00e9, mais jamais, non jamais en fr\u00e9quence&nbsp;!<\/p>\n\n\n\n<p>Regardez, \u00e9coutez, lisez tout ce qui nous vient de notre voisin de l\u2019Est, depuis quelque temps. Jamais depuis 1975, ann\u00e9e o\u00f9 le Royaume a r\u00e9cup\u00e9r\u00e9 son Sahara, Alger n\u2019a eu le verbe aussi virulent, l\u2019attitude aussi sournoise, la morale aussi boueuse, la posture aussi path\u00e9tique envers son voisin de l\u2019Ouest. Lorsqu\u2019on \u00e9crit et assure que la fuite en avant est une sp\u00e9cialit\u00e9 de l\u2019establishment alg\u00e9rien, on verse en r\u00e9alit\u00e9 dans la litote. Ici m\u00eame, on a expliqu\u00e9 tout r\u00e9cemment pourquoi les tenants de ce pouvoir sont d\u00e9pourvus d\u2019intelligence politique, atrophi\u00e9s de la m\u00e9moire, ingrats au possible. Et pourquoi ils ajoutent \u00e0 leur passif la b\u00eatise \u00e0 front de taureau. Il pleut des preuves d\u00e9sormais, toutes les semaines que Dieu fait, et il faut \u00eatre aveugle, prodigieusement na\u00eff ou\u2026 simplement \u00abalign\u00e9\u00bb pour ne pas les appr\u00e9cier.<\/p>\n\n\n\n<p>Dans le pr\u00e9sent num\u00e9ro, nous vous invitons \u00e0 lire l\u2019analyse d\u2019un consultant politique marocain install\u00e9 \u00e0 Washington, qui s\u2019est fendu cette semaine d\u2019une pertinente Tribune relay\u00e9e par \u00abJeune Afrique\u00bb. On pourrait en r\u00e9sumer l\u2019essence dans ce seul passage&nbsp;: <em>\u00abL\u2019Alg\u00e9rie s\u2019est peut-\u00eatre tir\u00e9 une balle dans le pied en pla\u00e7ant la rivalit\u00e9 maroco-alg\u00e9rienne sur le devant de la sc\u00e8ne. Elle veut acqu\u00e9rir une h\u00e9g\u00e9monie incontest\u00e9e en Afrique du Nord&#8230; Ce qui n\u00e9cessite un acc\u00e8s sans entrave \u00e0 l\u2019oc\u00e9an Atlantique, au sud du Maroc&#8230; Ce qui n\u00e9cessite de rattraper l\u2019avanc\u00e9e strat\u00e9gique du Maroc ou tout simplement de troubler la f\u00eate africaine de Rabat&nbsp;!\u00bb.<\/em><\/p>\n\n\n\n<p>Concluons avec ce r\u00e9cent (et non dernier) trip des g\u00e9n\u00e9raux alg\u00e9riens et de leur chef et pr\u00e9sident Abdelmadjid Tebboune. Apr\u00e8s la rupture, le 24 ao\u00fbt, des relations diplomatiques avec Rabat, le Haut Conseil de s\u00e9curit\u00e9 alg\u00e9rien a annonc\u00e9, le 22 septembre, la fermeture pleine et imm\u00e9diate de son espace a\u00e9rien \u00e0 tous les avions marocains et \u00e0 tous les appareils volants immatricul\u00e9s dans le Royaume.<\/p>\n\n\n\n<p>Nous disons bien un \u00abtrip\u00bb r\u00e9cent car il y en aura assur\u00e9ment d\u2019autres, dans les jours ou semaines \u00e0 venir. Delirium tremens oblige, les militaires chamarr\u00e9s qui \u00e9margent au Palais El Mouradia planchent probablement sur la prochaine annonce\u2026 Interdire l\u2019acc\u00e8s \u00e0 leur territoire aux vents qui soufflent du Rif vers la Kabylie. Sommer les courants marins, au large d\u2019Al Hoceima, pour se d\u00e9tourner d\u2019Oran, d\u2019Alger et de Bejaia. Lancer un ultimatum aux oiseaux migrateurs qui seraient tent\u00e9s par des raccourcis depuis Oujda ou Nador vers Sidi Belabb\u00e8s et Biskra\u2026 Allez savoir.<\/p>\n","protected":false},"excerpt":{"rendered":"<p>Par HASSAN EL ARCH Directeur de la R\u00e9daction direction@letempsmag.ma Au risque de d\u00e9cevoir un ami qui me reproche de faire \u00abune fixation\u00bb sur l\u2019hostilit\u00e9 alg\u00e9rienne envers le Maroc et qui me sugg\u00e8re de \u00abprendre de la hauteur\u00bb par rapport aux \u00e9v\u00e9nements, eh bien je vais commettre encore un billet sur les locataires du Palais El &hellip;<\/p>\n","protected":false},"author":9,"featured_media":1323,"comment_status":"open","ping_status":"closed","sticky":false,"template":"","format":"standard","meta":{"footnotes":""},"categories":[44],"tags":[],"class_list":["post-8452","post","type-post","status-publish","format-standard","has-post-thumbnail","hentry","category-edito"],"_links":{"self":[{"href":"https:\/\/letempsmag.ma\/index.php?rest_route=\/wp\/v2\/posts\/8452","targetHints":{"allow":["GET"]}}],"collection":[{"href":"https:\/\/letempsmag.ma\/index.php?rest_route=\/wp\/v2\/posts"}],"about":[{"href":"https:\/\/letempsmag.ma\/index.php?rest_route=\/wp\/v2\/types\/post"}],"author":[{"embeddable":true,"href":"https:\/\/letempsmag.ma\/index.php?rest_route=\/wp\/v2\/users\/9"}],"replies":[{"embeddable":true,"href":"https:\/\/letempsmag.ma\/index.php?rest_route=%2Fwp%2Fv2%2Fcomments&post=8452"}],"version-history":[{"count":1,"href":"https:\/\/letempsmag.ma\/index.php?rest_route=\/wp\/v2\/posts\/8452\/revisions"}],"predecessor-version":[{"id":8453,"href":"https:\/\/letempsmag.ma\/index.php?rest_route=\/wp\/v2\/posts\/8452\/revisions\/8453"}],"wp:featuredmedia":[{"embeddable":true,"href":"https:\/\/letempsmag.ma\/index.php?rest_route=\/wp\/v2\/media\/1323"}],"wp:attachment":[{"href":"https:\/\/letempsmag.ma\/index.php?rest_route=%2Fwp%2Fv2%2Fmedia&parent=8452"}],"wp:term":[{"taxonomy":"category","embeddable":true,"href":"https:\/\/letempsmag.ma\/index.php?rest_route=%2Fwp%2Fv2%2Fcategories&post=8452"},{"taxonomy":"post_tag","embeddable":true,"href":"https:\/\/letempsmag.ma\/index.php?rest_route=%2Fwp%2Fv2%2Ftags&post=8452"}],"curies":[{"name":"wp","href":"https:\/\/api.w.org\/{rel}","templated":true}]}}