{"id":8362,"date":"2021-09-23T10:25:23","date_gmt":"2021-09-23T09:25:23","guid":{"rendered":"https:\/\/letempsmag.ma\/?p=8362"},"modified":"2021-09-23T10:25:25","modified_gmt":"2021-09-23T09:25:25","slug":"barid-al-maghrib-emet-un-timbre-poste-autour-de-lexposition-delacroix-a-rabat","status":"publish","type":"post","link":"https:\/\/letempsmag.ma\/?p=8362","title":{"rendered":"Barid Al-Maghrib \u00e9met un timbre-poste autour de l\u2019exposition Delacroix \u00e0 Rabat"},"content":{"rendered":"\n<p>En partenariat avec la Fondation Nationale des Mus\u00e9es (FNM), le groupe Barid Al-Maghrib vient d\u2019\u00e9mettre un timbre-poste comm\u00e9morant l\u2019exposition \u00abDelacroix, souvenirs d\u2019un voyage au Maroc\u00bb qui se tient au Mus\u00e9e Mohammed VI d\u2019Art Moderne et Contemporain \u00e0 Rabat depuis le 7 juillet dernier jusqu\u2019au 9 octobre prochain. Cette initiative a pour but de c\u00e9l\u00e9brer l\u2019artiste fran\u00e7ais Eug\u00e8ne De Lacroix, premier ambassadeur de la couleur et de la lumi\u00e8re du Maroc, 200 ans apr\u00e8s son d\u00e9part du Royaume, indique un communiqu\u00e9 conjoint de Barid Al-Maghrib et de la FNM.<\/p>\n\n\n\n<p>Premi\u00e8re artistique sur le continent africain et dans le monde arabe, l\u2019exposition \u00abDelacroix, souvenirs d\u2019un voyage au Maroc\u00bb est aussi l\u2019occasion pour Barid Al-Maghrib d\u2019apporter \u00absa contribution \u00e0 la promotion de l\u2019art dans notre pays \u00e0 travers cette \u00e9mission sp\u00e9ciale\u00bb, ajoute-on. Celle-ci vient ainsi enrichir la collection de timbres-poste de Barid Al-Maghrib consacr\u00e9e, en g\u00e9n\u00e9ral, \u00e0 la th\u00e9matique de l\u2019art depuis le d\u00e9but des ann\u00e9es 60 jusqu\u2019\u00e0 ce jour, en particulier aux artistes \u00e9trangers.<\/p>\n\n\n\n<p>Tableaux, aquarelles, v\u00eatements, armes et instruments de musique que l\u2019artiste a rapport\u00e9s de son voyage, t\u00e9moins d\u2019une \u00e9pop\u00e9e d\u00e9sormais historique, sont autant d\u2019objets pr\u00e9sent\u00e9s dans le cadre de l\u2019exposition Delacroix, co-organis\u00e9e par la FNM et le Mus\u00e9e National Eug\u00e8ne Delacroix (\u00e9tablissement public du Louvre).<\/p>\n\n\n\n<p><strong>A. A.<\/strong><\/p>\n","protected":false},"excerpt":{"rendered":"<p>En partenariat avec la Fondation Nationale des Mus\u00e9es (FNM), le groupe Barid Al-Maghrib vient d\u2019\u00e9mettre un timbre-poste comm\u00e9morant l\u2019exposition \u00abDelacroix, souvenirs d\u2019un voyage au Maroc\u00bb qui se tient au Mus\u00e9e Mohammed VI d\u2019Art Moderne et Contemporain \u00e0 Rabat depuis le 7 juillet dernier jusqu\u2019au 9 octobre prochain. Cette initiative a pour but de c\u00e9l\u00e9brer l\u2019artiste &hellip;<\/p>\n","protected":false},"author":9,"featured_media":8363,"comment_status":"open","ping_status":"closed","sticky":false,"template":"","format":"standard","meta":{"footnotes":""},"categories":[415],"tags":[],"class_list":["post-8362","post","type-post","status-publish","format-standard","has-post-thumbnail","hentry","category-philatelie"],"_links":{"self":[{"href":"https:\/\/letempsmag.ma\/index.php?rest_route=\/wp\/v2\/posts\/8362","targetHints":{"allow":["GET"]}}],"collection":[{"href":"https:\/\/letempsmag.ma\/index.php?rest_route=\/wp\/v2\/posts"}],"about":[{"href":"https:\/\/letempsmag.ma\/index.php?rest_route=\/wp\/v2\/types\/post"}],"author":[{"embeddable":true,"href":"https:\/\/letempsmag.ma\/index.php?rest_route=\/wp\/v2\/users\/9"}],"replies":[{"embeddable":true,"href":"https:\/\/letempsmag.ma\/index.php?rest_route=%2Fwp%2Fv2%2Fcomments&post=8362"}],"version-history":[{"count":1,"href":"https:\/\/letempsmag.ma\/index.php?rest_route=\/wp\/v2\/posts\/8362\/revisions"}],"predecessor-version":[{"id":8364,"href":"https:\/\/letempsmag.ma\/index.php?rest_route=\/wp\/v2\/posts\/8362\/revisions\/8364"}],"wp:featuredmedia":[{"embeddable":true,"href":"https:\/\/letempsmag.ma\/index.php?rest_route=\/wp\/v2\/media\/8363"}],"wp:attachment":[{"href":"https:\/\/letempsmag.ma\/index.php?rest_route=%2Fwp%2Fv2%2Fmedia&parent=8362"}],"wp:term":[{"taxonomy":"category","embeddable":true,"href":"https:\/\/letempsmag.ma\/index.php?rest_route=%2Fwp%2Fv2%2Fcategories&post=8362"},{"taxonomy":"post_tag","embeddable":true,"href":"https:\/\/letempsmag.ma\/index.php?rest_route=%2Fwp%2Fv2%2Ftags&post=8362"}],"curies":[{"name":"wp","href":"https:\/\/api.w.org\/{rel}","templated":true}]}}