{"id":8157,"date":"2021-09-17T12:34:59","date_gmt":"2021-09-17T11:34:59","guid":{"rendered":"https:\/\/letempsmag.ma\/?p=8157"},"modified":"2021-09-17T12:41:57","modified_gmt":"2021-09-17T11:41:57","slug":"le-concept-ikea-festival-revele-au-maroc-et-dans-le-monde","status":"publish","type":"post","link":"https:\/\/letempsmag.ma\/?p=8157","title":{"rendered":"Le concept \u00abIKEA Festival\u00bb r\u00e9v\u00e9l\u00e9 au Maroc et dans le monde"},"content":{"rendered":"\n<p>Lors d\u2019une rencontre avec la presse nationale hier jeudi, dans son m\u00e9ga-magasin de Z\u00e9nata, le g\u00e9ant IKEA a d\u00e9voil\u00e9 son concept in\u00e9dit \u00abIKEA Festival\u00bb. L\u2019\u00e9v\u00e9nement a \u00e9t\u00e9 anim\u00e9 par Adil Majd et Fatima-Ezzahra El Khaloui, respectivement Directeur G\u00e9n\u00e9ral et Directrice Marketing d\u2019IKEA Maroc.<\/p>\n\n\n\n<p>Il s\u2019agit d\u2019un festival international, organis\u00e9 dans l\u2019ensemble des sites IKEA et qui se d\u00e9roule dans des maisons, des studios d\u2019artistes et des quartiers du monde entier, transformant les salons, les cuisines, les chambres et les arri\u00e8re-cours en sc\u00e8nes virtuelles de spectacles et d\u2019exp\u00e9riences. En tout, l\u2019\u00abIKEA Festival\u00bb aura lieu dans plus de 100 maisons sur plus de 50 march\u00e9s dans le monde. Une exp\u00e9rience gratuite et ouverte \u00e0 tous.<\/p>\n\n\n\n<p>Le festival s\u2019inspire de la vision d\u2019IKEA consistant \u00e0 cr\u00e9er un quotidien meilleur pour le plus grand nombre d\u2019utilisateurs. \u00abIl s\u2019agit d\u2019un nouveau type d\u2019exp\u00e9rience qu\u2019IKEA veut offrir, c\u00e9l\u00e9brant, connectant et engageant tout le monde autour de la vie \u00e0 la maison. Les visites de maisons dans le monde entier ouvrent ainsi la porte \u00e0 de nouvelles exp\u00e9riences et une nouvelle inspiration. IKEA cherche \u00e0 susciter une conversation sur la vie \u00e0 domicile de demain, qui soit plus durable et plus abordable. Et comme pour tout festival, l\u2019on peut s\u2019attendre \u00e0 quelques surprises\u2026<\/p>\n\n\n\n<p>Diverses th\u00e9matiques sont pr\u00e9vues lors de ce happening&nbsp;: visites \u00e0 domicile, am\u00e9nagement de la maison, shopping avec une c\u00e9l\u00e9brit\u00e9, discussions ax\u00e9es sur la cuisine\u2026<\/p>\n\n\n\n<p><strong>L. F.<\/strong><\/p>\n","protected":false},"excerpt":{"rendered":"<p>Lors d\u2019une rencontre avec la presse nationale hier jeudi, dans son m\u00e9ga-magasin de Z\u00e9nata, le g\u00e9ant IKEA a d\u00e9voil\u00e9 son concept in\u00e9dit \u00abIKEA Festival\u00bb. L\u2019\u00e9v\u00e9nement a \u00e9t\u00e9 anim\u00e9 par Adil Majd et Fatima-Ezzahra El Khaloui, respectivement Directeur G\u00e9n\u00e9ral et Directrice Marketing d\u2019IKEA Maroc. Il s\u2019agit d\u2019un festival international, organis\u00e9 dans l\u2019ensemble des sites IKEA et &hellip;<\/p>\n","protected":false},"author":9,"featured_media":8165,"comment_status":"open","ping_status":"closed","sticky":false,"template":"","format":"standard","meta":{"footnotes":""},"categories":[399],"tags":[],"class_list":["post-8157","post","type-post","status-publish","format-standard","has-post-thumbnail","hentry","category-maison"],"_links":{"self":[{"href":"https:\/\/letempsmag.ma\/index.php?rest_route=\/wp\/v2\/posts\/8157","targetHints":{"allow":["GET"]}}],"collection":[{"href":"https:\/\/letempsmag.ma\/index.php?rest_route=\/wp\/v2\/posts"}],"about":[{"href":"https:\/\/letempsmag.ma\/index.php?rest_route=\/wp\/v2\/types\/post"}],"author":[{"embeddable":true,"href":"https:\/\/letempsmag.ma\/index.php?rest_route=\/wp\/v2\/users\/9"}],"replies":[{"embeddable":true,"href":"https:\/\/letempsmag.ma\/index.php?rest_route=%2Fwp%2Fv2%2Fcomments&post=8157"}],"version-history":[{"count":2,"href":"https:\/\/letempsmag.ma\/index.php?rest_route=\/wp\/v2\/posts\/8157\/revisions"}],"predecessor-version":[{"id":8177,"href":"https:\/\/letempsmag.ma\/index.php?rest_route=\/wp\/v2\/posts\/8157\/revisions\/8177"}],"wp:featuredmedia":[{"embeddable":true,"href":"https:\/\/letempsmag.ma\/index.php?rest_route=\/wp\/v2\/media\/8165"}],"wp:attachment":[{"href":"https:\/\/letempsmag.ma\/index.php?rest_route=%2Fwp%2Fv2%2Fmedia&parent=8157"}],"wp:term":[{"taxonomy":"category","embeddable":true,"href":"https:\/\/letempsmag.ma\/index.php?rest_route=%2Fwp%2Fv2%2Fcategories&post=8157"},{"taxonomy":"post_tag","embeddable":true,"href":"https:\/\/letempsmag.ma\/index.php?rest_route=%2Fwp%2Fv2%2Ftags&post=8157"}],"curies":[{"name":"wp","href":"https:\/\/api.w.org\/{rel}","templated":true}]}}