{"id":8154,"date":"2021-09-16T10:29:53","date_gmt":"2021-09-16T09:29:53","guid":{"rendered":"https:\/\/letempsmag.ma\/?p=8154"},"modified":"2021-09-16T10:29:54","modified_gmt":"2021-09-16T09:29:54","slug":"2-642-nouveaux-cas-au-maroc-en-24-heures-et-910-991-cas-cumules","status":"publish","type":"post","link":"https:\/\/letempsmag.ma\/?p=8154","title":{"rendered":"2.642 nouveaux cas au Maroc en 24 heures et 910.991 cas cumul\u00e9s"},"content":{"rendered":"\n<p>2.642 nouveaux cas d&#8217;infection au coronavirus (\u00abCovid-19\u00bb) et 3.240 gu\u00e9risons ont \u00e9t\u00e9 enregistr\u00e9s au Maroc durant les derni\u00e8res 24 heures, indique le minist\u00e8re de la Sant\u00e9.<\/p>\n\n\n\n<p>Le nombre de primo-vaccin\u00e9s a atteint 20.561.862 tandis que celui des personnes compl\u00e8tement vaccin\u00e9es (1<sup>\u00e8re<\/sup> et 2<sup>\u00e8me<\/sup> doses) s&#8217;\u00e9l\u00e8ve \u00e0 17.057.066, pr\u00e9cise le minist\u00e8re dans son bulletin quotidien sur la situation \u00e9pid\u00e9miologique du \u00abCovid-19\u00bb.<\/p>\n\n\n\n<p>Le nouveau bilan porte \u00e0 910.991 le nombre total des contaminations depuis le premier cas signal\u00e9 au Maroc en mars 2020. Le nombre des personnes r\u00e9tablies est pass\u00e9 \u00e0 869.304, soit un taux de gu\u00e9rison de 95,4%.<\/p>\n\n\n\n<p>Les nouvelles contaminations ont \u00e9t\u00e9 recens\u00e9es dans les r\u00e9gions de Casablanca-Settat (1.008 cas), Rabat-Sal\u00e9-K\u00e9nitra (637),Tanger-T\u00e9touan-Al Hoceima (286), l&#8217;Oriental (198), Marrakech-Safi (131), B\u00e9ni Mellal-Kh\u00e9nifra (110), F\u00e8s-Mekn\u00e8s (95 ), Souss-Massa (54), La\u00e2youne-Sakia El Hamra (44), Dr\u00e2a-Tafilalet (34), Dakhla-Oued Eddahab (32) et Guelmim-Oued Noun (13).<\/p>\n\n\n\n<p>Quant aux d\u00e9c\u00e8s, leur nombre total est pass\u00e9 \u00e0 13.729 (l\u00e9talit\u00e9 1,5%) avec 46 nouveaux cas enregistr\u00e9s dans les r\u00e9gions de Rabat-Sal\u00e9-K\u00e9nitra (14), Casablanca-Settat (7), l&#8217;Oriental (8), Marrakech-Safi (5), B\u00e9ni Mellal-Kh\u00e9nifra (3), F\u00e8s-Mekn\u00e8s (3), Souss-Massa (2), Dr\u00e2a-Tafilalet (2), Guelmim-Oued Noun (1) et La\u00e2youne-Sakia El Hamra (1).<\/p>\n\n\n\n<p>Les cas actifs sont au nombre de 27.958, tandis que les cas s\u00e9v\u00e8res ou critiques ont atteint 1.681, dont 57 plac\u00e9s sous intubation.<\/p>\n","protected":false},"excerpt":{"rendered":"<p>2.642 nouveaux cas d&#8217;infection au coronavirus (\u00abCovid-19\u00bb) et 3.240 gu\u00e9risons ont \u00e9t\u00e9 enregistr\u00e9s au Maroc durant les derni\u00e8res 24 heures, indique le minist\u00e8re de la Sant\u00e9. Le nombre de primo-vaccin\u00e9s a atteint 20.561.862 tandis que celui des personnes compl\u00e8tement vaccin\u00e9es (1\u00e8re et 2\u00e8me doses) s&#8217;\u00e9l\u00e8ve \u00e0 17.057.066, pr\u00e9cise le minist\u00e8re dans son bulletin quotidien sur &hellip;<\/p>\n","protected":false},"author":9,"featured_media":8155,"comment_status":"open","ping_status":"closed","sticky":false,"template":"","format":"standard","meta":{"footnotes":""},"categories":[168],"tags":[],"class_list":["post-8154","post","type-post","status-publish","format-standard","has-post-thumbnail","hentry","category-pandemie-2"],"_links":{"self":[{"href":"https:\/\/letempsmag.ma\/index.php?rest_route=\/wp\/v2\/posts\/8154","targetHints":{"allow":["GET"]}}],"collection":[{"href":"https:\/\/letempsmag.ma\/index.php?rest_route=\/wp\/v2\/posts"}],"about":[{"href":"https:\/\/letempsmag.ma\/index.php?rest_route=\/wp\/v2\/types\/post"}],"author":[{"embeddable":true,"href":"https:\/\/letempsmag.ma\/index.php?rest_route=\/wp\/v2\/users\/9"}],"replies":[{"embeddable":true,"href":"https:\/\/letempsmag.ma\/index.php?rest_route=%2Fwp%2Fv2%2Fcomments&post=8154"}],"version-history":[{"count":1,"href":"https:\/\/letempsmag.ma\/index.php?rest_route=\/wp\/v2\/posts\/8154\/revisions"}],"predecessor-version":[{"id":8156,"href":"https:\/\/letempsmag.ma\/index.php?rest_route=\/wp\/v2\/posts\/8154\/revisions\/8156"}],"wp:featuredmedia":[{"embeddable":true,"href":"https:\/\/letempsmag.ma\/index.php?rest_route=\/wp\/v2\/media\/8155"}],"wp:attachment":[{"href":"https:\/\/letempsmag.ma\/index.php?rest_route=%2Fwp%2Fv2%2Fmedia&parent=8154"}],"wp:term":[{"taxonomy":"category","embeddable":true,"href":"https:\/\/letempsmag.ma\/index.php?rest_route=%2Fwp%2Fv2%2Fcategories&post=8154"},{"taxonomy":"post_tag","embeddable":true,"href":"https:\/\/letempsmag.ma\/index.php?rest_route=%2Fwp%2Fv2%2Ftags&post=8154"}],"curies":[{"name":"wp","href":"https:\/\/api.w.org\/{rel}","templated":true}]}}