{"id":8085,"date":"2021-09-14T10:27:48","date_gmt":"2021-09-14T09:27:48","guid":{"rendered":"https:\/\/letempsmag.ma\/?p=8085"},"modified":"2021-09-14T10:27:50","modified_gmt":"2021-09-14T09:27:50","slug":"le-mali-exprime-son-emoi-suite-a-lattaque-meurtriere-contre-des-routiers-marocains","status":"publish","type":"post","link":"https:\/\/letempsmag.ma\/?p=8085","title":{"rendered":"Le Mali exprime son \u00e9moi suite \u00e0 l\u2019attaque meurtri\u00e8re contre des routiers marocains"},"content":{"rendered":"\n<p>Des hommes arm\u00e9s ont attaqu\u00e9, le 11 septembre dernier, des routiers marocains. Deux d\u2019entre eux ont \u00e9t\u00e9 tu\u00e9s et un troisi\u00e8me bless\u00e9, tandis qu\u2019un quatri\u00e8me a surv\u00e9cu \u00e0 l\u2019attaque. Les assaillants ont attaqu\u00e9 les chauffeurs dans la commune de Didi\u00e9ni, \u00e0 environ 300 km de Bamako. Les camionneurs marocains se dirigeaient vers la capitale malienne et transportaient des marchandises. Ils ont essuy\u00e9 des coups de feu de la part d\u2019un groupe d\u2019\u00e9l\u00e9ments arm\u00e9s qui se cachaient derri\u00e8re les arbres au bord de la route, rapporte la MAP sur la base d\u2019informations r\u00e9v\u00e9l\u00e9es par l\u2019ambassade du Maroc \u00e0 Bamako.<\/p>\n\n\n\n<p>Le chauffeur bless\u00e9, dont l\u2019\u00e9tat de sant\u00e9 ne suscite pas d\u2019inqui\u00e9tude, a \u00e9t\u00e9 transf\u00e9r\u00e9 vers un h\u00f4pital local pour recevoir les soins n\u00e9cessaires. Les t\u00e9moins qui ont assist\u00e9 \u00e0 l\u2019attaque ont d\u00e9clar\u00e9 que les assaillants portaient des cagoules et des gilets pare-balles et disposaient d\u2019appareils de communication sans fil. Une fois l\u2019attaque perp\u00e9tr\u00e9e, les assaillants sont partis sans toucher aux marchandises transport\u00e9es dans les camions, ce qui d\u00e9montre que le but de leur forfait n\u2019\u00e9tat pas de voler mais de tuer. De quoi nourrir des doutes sur une \u00e9ventuelle piste terroriste.<\/p>\n\n\n\n<p>Suite \u00e0 ces \u00e9v\u00e9nements, le gouvernement malien a vivement condamn\u00e9 cette \u00abattaque l\u00e2che et barbare\u00bb perp\u00e9tr\u00e9e par des individus arm\u00e9s non identifi\u00e9s contre un convoi commercial marocain dans la commune de Didi\u00e9ni, r\u00e9gion de Kayes, a indiqu\u00e9 hier lundi dans la soir\u00e9e le Ministre malien des Affaires \u00e9trang\u00e8res et de la Coop\u00e9ration internationale, Abdoulaye Diop (photo). Le Ministre a \u00abexprim\u00e9, au nom du Pr\u00e9sident de la Transition et du gouvernement, toute la compassion et la solidarit\u00e9 du Mali avec le gouvernement et le peuple fr\u00e8re du Maroc\u00bb, souligne le communiqu\u00e9 relay\u00e9 par la MAP.<\/p>\n\n\n\n<p><strong>A. A.<\/strong><\/p>\n","protected":false},"excerpt":{"rendered":"<p>Des hommes arm\u00e9s ont attaqu\u00e9, le 11 septembre dernier, des routiers marocains. Deux d\u2019entre eux ont \u00e9t\u00e9 tu\u00e9s et un troisi\u00e8me bless\u00e9, tandis qu\u2019un quatri\u00e8me a surv\u00e9cu \u00e0 l\u2019attaque. Les assaillants ont attaqu\u00e9 les chauffeurs dans la commune de Didi\u00e9ni, \u00e0 environ 300 km de Bamako. Les camionneurs marocains se dirigeaient vers la capitale malienne &hellip;<\/p>\n","protected":false},"author":9,"featured_media":8086,"comment_status":"open","ping_status":"closed","sticky":false,"template":"","format":"standard","meta":{"footnotes":""},"categories":[395],"tags":[],"class_list":["post-8085","post","type-post","status-publish","format-standard","has-post-thumbnail","hentry","category-terrorisme"],"_links":{"self":[{"href":"https:\/\/letempsmag.ma\/index.php?rest_route=\/wp\/v2\/posts\/8085","targetHints":{"allow":["GET"]}}],"collection":[{"href":"https:\/\/letempsmag.ma\/index.php?rest_route=\/wp\/v2\/posts"}],"about":[{"href":"https:\/\/letempsmag.ma\/index.php?rest_route=\/wp\/v2\/types\/post"}],"author":[{"embeddable":true,"href":"https:\/\/letempsmag.ma\/index.php?rest_route=\/wp\/v2\/users\/9"}],"replies":[{"embeddable":true,"href":"https:\/\/letempsmag.ma\/index.php?rest_route=%2Fwp%2Fv2%2Fcomments&post=8085"}],"version-history":[{"count":1,"href":"https:\/\/letempsmag.ma\/index.php?rest_route=\/wp\/v2\/posts\/8085\/revisions"}],"predecessor-version":[{"id":8087,"href":"https:\/\/letempsmag.ma\/index.php?rest_route=\/wp\/v2\/posts\/8085\/revisions\/8087"}],"wp:featuredmedia":[{"embeddable":true,"href":"https:\/\/letempsmag.ma\/index.php?rest_route=\/wp\/v2\/media\/8086"}],"wp:attachment":[{"href":"https:\/\/letempsmag.ma\/index.php?rest_route=%2Fwp%2Fv2%2Fmedia&parent=8085"}],"wp:term":[{"taxonomy":"category","embeddable":true,"href":"https:\/\/letempsmag.ma\/index.php?rest_route=%2Fwp%2Fv2%2Fcategories&post=8085"},{"taxonomy":"post_tag","embeddable":true,"href":"https:\/\/letempsmag.ma\/index.php?rest_route=%2Fwp%2Fv2%2Ftags&post=8085"}],"curies":[{"name":"wp","href":"https:\/\/api.w.org\/{rel}","templated":true}]}}