{"id":8055,"date":"2021-09-13T10:20:20","date_gmt":"2021-09-13T09:20:20","guid":{"rendered":"https:\/\/letempsmag.ma\/?p=8055"},"modified":"2021-09-13T10:56:31","modified_gmt":"2021-09-13T09:56:31","slug":"la-cnt-entame-une-tournee-nationale-par-la-region-nord","status":"publish","type":"post","link":"https:\/\/letempsmag.ma\/?p=8055","title":{"rendered":"La CNT entame une tourn\u00e9e nationale par la r\u00e9gion Nord"},"content":{"rendered":"\n<p>La Conf\u00e9d\u00e9ration Nationale du Tourisme (CNT), repr\u00e9sent\u00e9e par la nouvelle \u00e9quipe dirigeante, le Pr\u00e9sident Hamid Bentahar et le Vice-Pr\u00e9sident Hicham Mhamdi Alaoui, a entam\u00e9 la semaine derni\u00e8re une tourn\u00e9e nationale en commen\u00e7ant par la r\u00e9gion Nord comme premi\u00e8re \u00e9tape.<\/p>\n\n\n\n<p>Le nouveau staff dirigeant de la Conf\u00e9d\u00e9ration a pris part \u00e0 une r\u00e9union organis\u00e9e par le Conseil R\u00e9gional du Tourisme (CRT) de Tanger-T\u00e9touan-Al Hoceima, cr\u00e9ant l\u2019occasion d&#8217;\u00e9changer des points de vue avec de nombreux repr\u00e9sentants des professions touristiques de la r\u00e9gion. L\u2019objectif&nbsp;: r\u00e9ussir une premi\u00e8re prise de contact, discuter des probl\u00e9matiques pressantes et mener une r\u00e9flexion coll\u00e9giale sur les pistes de sortie de la crise.<\/p>\n\n\n\n<p>Hamid Bentahar et Hicham Mhamdi Alaoui ont fait part de leur volont\u00e9 de porter la parole des op\u00e9rateurs et d\u00e9fendre leurs int\u00e9r\u00eats, exposant par la m\u00eame occasion les axes prioritaires adopt\u00e9s par le Conseil d\u2019administration de la CNT, qui constitueront le cheval de bataille du mandat\u00a0: la co-construction, la comp\u00e9titivit\u00e9 et la durabilit\u00e9.<\/p>\n\n\n\n<p>\u00c0 cette occasion, Rkia Alaoui, Pr\u00e9sidente du CRT Tanger-T\u00e9touan-Al Hoceima, a d\u00e9clar\u00e9 que \u00abla r\u00e9ussite du Bureau de la CNT constitue notre propre r\u00e9ussite en tant qu\u2019op\u00e9rateurs touristiques. Nous sommes confiants que Hamid Bentahar, l\u2019homme du consensus et de l\u2019\u00e9coute, saura, avec Hicham Mhamdi Alaoui, unifier la voix de notre secteur qui se doit d\u2019\u00eatre plus audible et cr\u00e9dible face aux d\u00e9cideurs nationaux\u00bb.<\/p>\n\n\n\n<p>Durant cette m\u00eame r\u00e9union, le CRT a proc\u00e9d\u00e9 \u00e0 la pr\u00e9sentation de l\u2019ensemble des actions men\u00e9es par son Bureau en les articulant selon les axes prioritaires de la Conf\u00e9d\u00e9ration. Parmi les actions-phares pr\u00e9sent\u00e9es, le lancement de la marque touristique \u00ab<a href=\"https:\/\/letempsmag.ma\/?p=6696\">CHAMAL<\/a>\u00bb, le d\u00e9veloppement de l\u2019\u00e9cosyst\u00e8me digital, le renforcement des outils de promotion documentaires et audiovisuels, ainsi que les diff\u00e9rentes campagnes r\u00e9alis\u00e9es avant et pendant la pand\u00e9mie.<\/p>\n\n\n\n<p><strong>L. F.<\/strong><\/p>\n","protected":false},"excerpt":{"rendered":"<p>La Conf\u00e9d\u00e9ration Nationale du Tourisme (CNT), repr\u00e9sent\u00e9e par la nouvelle \u00e9quipe dirigeante, le Pr\u00e9sident Hamid Bentahar et le Vice-Pr\u00e9sident Hicham Mhamdi Alaoui, a entam\u00e9 la semaine derni\u00e8re une tourn\u00e9e nationale en commen\u00e7ant par la r\u00e9gion Nord comme premi\u00e8re \u00e9tape. Le nouveau staff dirigeant de la Conf\u00e9d\u00e9ration a pris part \u00e0 une r\u00e9union organis\u00e9e par le &hellip;<\/p>\n","protected":false},"author":9,"featured_media":8056,"comment_status":"open","ping_status":"closed","sticky":false,"template":"","format":"standard","meta":{"footnotes":""},"categories":[27],"tags":[],"class_list":["post-8055","post","type-post","status-publish","format-standard","has-post-thumbnail","hentry","category-tourisme"],"_links":{"self":[{"href":"https:\/\/letempsmag.ma\/index.php?rest_route=\/wp\/v2\/posts\/8055","targetHints":{"allow":["GET"]}}],"collection":[{"href":"https:\/\/letempsmag.ma\/index.php?rest_route=\/wp\/v2\/posts"}],"about":[{"href":"https:\/\/letempsmag.ma\/index.php?rest_route=\/wp\/v2\/types\/post"}],"author":[{"embeddable":true,"href":"https:\/\/letempsmag.ma\/index.php?rest_route=\/wp\/v2\/users\/9"}],"replies":[{"embeddable":true,"href":"https:\/\/letempsmag.ma\/index.php?rest_route=%2Fwp%2Fv2%2Fcomments&post=8055"}],"version-history":[{"count":2,"href":"https:\/\/letempsmag.ma\/index.php?rest_route=\/wp\/v2\/posts\/8055\/revisions"}],"predecessor-version":[{"id":8070,"href":"https:\/\/letempsmag.ma\/index.php?rest_route=\/wp\/v2\/posts\/8055\/revisions\/8070"}],"wp:featuredmedia":[{"embeddable":true,"href":"https:\/\/letempsmag.ma\/index.php?rest_route=\/wp\/v2\/media\/8056"}],"wp:attachment":[{"href":"https:\/\/letempsmag.ma\/index.php?rest_route=%2Fwp%2Fv2%2Fmedia&parent=8055"}],"wp:term":[{"taxonomy":"category","embeddable":true,"href":"https:\/\/letempsmag.ma\/index.php?rest_route=%2Fwp%2Fv2%2Fcategories&post=8055"},{"taxonomy":"post_tag","embeddable":true,"href":"https:\/\/letempsmag.ma\/index.php?rest_route=%2Fwp%2Fv2%2Ftags&post=8055"}],"curies":[{"name":"wp","href":"https:\/\/api.w.org\/{rel}","templated":true}]}}