{"id":8052,"date":"2021-09-13T10:19:41","date_gmt":"2021-09-13T09:19:41","guid":{"rendered":"https:\/\/letempsmag.ma\/?p=8052"},"modified":"2021-09-13T10:19:42","modified_gmt":"2021-09-13T09:19:42","slug":"le-maroc-participera-au-forum-international-des-narrateurs-de-sharjah","status":"publish","type":"post","link":"https:\/\/letempsmag.ma\/?p=8052","title":{"rendered":"Le Maroc participera au Forum international des narrateurs de Sharjah"},"content":{"rendered":"\n<p>Lors d&#8217;une conf\u00e9rence de presse tenue la semaine derni\u00e8re, \u00e0 l\u2019Institut de Recherche, de Technologie et d&#8217;Innovation de Sharjah, aux \u00c9mirats Arabes Unis, les organisateurs de cet \u00e9v\u00e9nement ont annonc\u00e9 que la 21<sup>\u00e8me<\/sup> \u00e9dition du Sharjah International Narrator Forum (SINF) se tiendra du 22 au 30 septembre courant, dans des lieux strat\u00e9giques de la ville, avec la participation du Maroc.<\/p>\n\n\n\n<p>Conduits par Dr Abdul Aziz Al Musallam, Pr\u00e9sident de l&#8217;Institut de Sharjah pour le Patrimoine et du Comit\u00e9 d&#8217;organisation du SINF, et par Aisha Al Hussan Al Shamsi, Directrice du Centre du Patrimoine Arabe de l&#8217;Institut et Coordinatrice g\u00e9n\u00e9rale du SINF, les organisateurs de ce happening ont r\u00e9v\u00e9l\u00e9 que l&#8217;\u00e9dition de cette ann\u00e9e aura comme slogan \u00abAnimal Stories\u00bb et comprendra de nombreuses sessions de discussion, ateliers de formation et \u00e9v\u00e9nements publics, en plus d&#8217;une exposition d&#8217;accompagnement, d&#8217;\u00e9v\u00e9nements virtuels et d&#8217;ateliers pour les enfants avec la participation de 38 pays dont le Royaume du Maroc.<\/p>\n\n\n\n<p>Dr Abdul Aziz Al Musallam a soulign\u00e9 que \u00abGr\u00e2ce au Forum, nous avons une excellente occasion de c\u00e9l\u00e9brer notre vision ainsi que d&#8217;honorer les ic\u00f4nes et les porteurs de flambeau du patrimoine populaire car ce sont des tr\u00e9sors humains, dont les connaissances, les comp\u00e9tences et les exp\u00e9riences m\u00e9ritent d&#8217;\u00eatre c\u00e9l\u00e9br\u00e9es \u00e0 travers le travail de leur vie et les contributions culturelles qui aident \u00e0 pr\u00e9server notre patrimoine\u00bb.<\/p>\n\n\n\n<p>Pr\u00e9cisons que le Maroc sera repr\u00e9sent\u00e9 par trois entit\u00e9s&nbsp;: l\u2019Association Al Muniya de Marrakech, l&#8217;Association Rencontres pour l&#8217;\u00c9ducation et les Cultures et l\u2019\u00c9cole de l\u2019Art du Conteur de Marrakech. Cette \u00e9dition 2021 accueillera le Soudan comme pays invit\u00e9 d&#8217;honneur. (Photo&nbsp;: 2M.ma)<\/p>\n\n\n\n<p><strong>L. F.<\/strong><\/p>\n","protected":false},"excerpt":{"rendered":"<p>Lors d&#8217;une conf\u00e9rence de presse tenue la semaine derni\u00e8re, \u00e0 l\u2019Institut de Recherche, de Technologie et d&#8217;Innovation de Sharjah, aux \u00c9mirats Arabes Unis, les organisateurs de cet \u00e9v\u00e9nement ont annonc\u00e9 que la 21\u00e8me \u00e9dition du Sharjah International Narrator Forum (SINF) se tiendra du 22 au 30 septembre courant, dans des lieux strat\u00e9giques de la ville, &hellip;<\/p>\n","protected":false},"author":9,"featured_media":8053,"comment_status":"open","ping_status":"closed","sticky":false,"template":"","format":"standard","meta":{"footnotes":""},"categories":[56],"tags":[],"class_list":["post-8052","post","type-post","status-publish","format-standard","has-post-thumbnail","hentry","category-patrimoine"],"_links":{"self":[{"href":"https:\/\/letempsmag.ma\/index.php?rest_route=\/wp\/v2\/posts\/8052","targetHints":{"allow":["GET"]}}],"collection":[{"href":"https:\/\/letempsmag.ma\/index.php?rest_route=\/wp\/v2\/posts"}],"about":[{"href":"https:\/\/letempsmag.ma\/index.php?rest_route=\/wp\/v2\/types\/post"}],"author":[{"embeddable":true,"href":"https:\/\/letempsmag.ma\/index.php?rest_route=\/wp\/v2\/users\/9"}],"replies":[{"embeddable":true,"href":"https:\/\/letempsmag.ma\/index.php?rest_route=%2Fwp%2Fv2%2Fcomments&post=8052"}],"version-history":[{"count":1,"href":"https:\/\/letempsmag.ma\/index.php?rest_route=\/wp\/v2\/posts\/8052\/revisions"}],"predecessor-version":[{"id":8054,"href":"https:\/\/letempsmag.ma\/index.php?rest_route=\/wp\/v2\/posts\/8052\/revisions\/8054"}],"wp:featuredmedia":[{"embeddable":true,"href":"https:\/\/letempsmag.ma\/index.php?rest_route=\/wp\/v2\/media\/8053"}],"wp:attachment":[{"href":"https:\/\/letempsmag.ma\/index.php?rest_route=%2Fwp%2Fv2%2Fmedia&parent=8052"}],"wp:term":[{"taxonomy":"category","embeddable":true,"href":"https:\/\/letempsmag.ma\/index.php?rest_route=%2Fwp%2Fv2%2Fcategories&post=8052"},{"taxonomy":"post_tag","embeddable":true,"href":"https:\/\/letempsmag.ma\/index.php?rest_route=%2Fwp%2Fv2%2Ftags&post=8052"}],"curies":[{"name":"wp","href":"https:\/\/api.w.org\/{rel}","templated":true}]}}