{"id":7918,"date":"2021-09-08T10:12:41","date_gmt":"2021-09-08T09:12:41","guid":{"rendered":"https:\/\/letempsmag.ma\/?p=7918"},"modified":"2021-09-08T10:12:43","modified_gmt":"2021-09-08T09:12:43","slug":"la-pandemie-a-precipite-le-declin-des-moyens-traditionnels-de-campagne-electorale","status":"publish","type":"post","link":"https:\/\/letempsmag.ma\/?p=7918","title":{"rendered":"La pand\u00e9mie a pr\u00e9cipit\u00e9 le d\u00e9clin des moyens traditionnels de campagne \u00e9lectorale"},"content":{"rendered":"\n<p>La pand\u00e9mie du \u00abCovid-19\u00bb a forc\u00e9 le d\u00e9clin des moyens traditionnels de campagne \u00e9lectorale face \u00e0 l&#8217;avanc\u00e9e de la num\u00e9risation. C\u2019est ce qu\u2019indique Jaouad Nouhi, professeur de droit public \u00e0 l&#8217;Universit\u00e9 Mohammed V de Rabat. Invit\u00e9 de la derni\u00e8re \u00e9mission hebdomadaire \u00abLe Mardi du PCNS\u00bb du think tank ind\u00e9pendant Policy Center for the New South (port\u00e9 par le groupe OCP), le chercheur a soulign\u00e9 que le recours aux moyens traditionnels dans la campagne \u00e9lectorale s\u2019est poursuivi, mais dans une moindre mesure, notant l&#8217;absence de la diffusion massive d&#8217;affiches et de tracts \u00e9lectoraux, ainsi que des grands rassemblements \u00e9lectoraux.<\/p>\n\n\n\n<p>La campagne \u00e9lectorale a connu des changements au niveau de la communication des partis politiques avec les citoyens, \u00e0 la faveur de la forte pr\u00e9sence de la propagande m\u00e9diatique sur les supports num\u00e9riques, notamment \u00e0 travers les r\u00e9seaux sociaux, fait savoir le professeur universitaire, affirmant toutefois qu\u2019il est encore t\u00f4t de se prononcer sur l\u2019impact de celle-ci sur le scrutin.<\/p>\n\n\n\n<p>Lors de cette \u00e9mission, plac\u00e9e sous le th\u00e8me \u00ables enjeux des \u00e9lections au Maroc dans le contexte de la crise sanitaire\u00bb, Jaouad Nouhi a imput\u00e9 l&#8217;\u00e9mergence de la propagande num\u00e9rique pendant la campagne \u00e9lectorale \u00e0 la familiarisation des citoyens avec la communication num\u00e9rique depuis l&#8217;\u00e9mergence de la pand\u00e9mie du \u00abCovid-19\u00bb, rappelant que pendant la p\u00e9riode de quarantaine sanitaire, certains partis et Associations ont organis\u00e9 des s\u00e9minaires et des activit\u00e9s \u00e0 distance.<\/p>\n\n\n\n<p>D&#8217;autre part, le professeur universitaire estime que le Maroc vit un moment charni\u00e8re tant au niveau d\u00e9mocratique que sanitaire, notant que le Royaume cherchera \u00e0 confirmer son leadership face \u00e0 la pand\u00e9mie en pr\u00e9servant la sant\u00e9 des citoyens, tout en garantissant la d\u00e9mocratie et la continuit\u00e9 des institutions. En organisant les \u00e9lections dans les d\u00e9lais pr\u00e9vus, le Maroc a remport\u00e9 les paris de la confiance en ses institutions, ainsi que de la r\u00e9gularit\u00e9 et la p\u00e9rennit\u00e9 des \u00e9lections, a-t-il soulign\u00e9, y voyant une preuve de la stabilit\u00e9 et la qualit\u00e9 de l\u2019action des institutions nationales dans ce domaine.<\/p>\n\n\n\n<p>Jaouad Nouhi a estim\u00e9 que la pand\u00e9mie ne sera pas un obstacle \u00e0 la participation \u00e9lectorale car, \u00abd&#8217;une part, les pouvoirs publics ont mis en place toutes les dispositions d\u2019accompagnement de ces \u00e9ch\u00e9ances, que ce soit au niveau de la campagne \u00e9lectorale ou du jour du scrutin, et d&#8217;autre part, le nouveau coronavirus, pourrait \u00eatre un catalyseur pour la participation des citoyens\u00bb. Et de conclure que l&#8217;organisation des \u00e9lections communales, r\u00e9gionales et l\u00e9gislatives le m\u00eame jour augmenterait, en th\u00e9orie, le taux de participation, notant que l\u2019\u00e9l\u00e9ment stimulateur de la participation citoyenne est leur sentiment d&#8217;influencer les processus \u00e9lectoraux des diff\u00e9rentes institutions.<\/p>\n\n\n\n<p>Rappelons que \u00abLe Mardi du PCNS\u00bb est une \u00e9mission hebdomadaire qui accueille des experts et des repr\u00e9sentants des secteurs public et priv\u00e9, de divers domaines, pour discuter des sujets d&#8217;actualit\u00e9 les plus importants sur la sc\u00e8ne nationale et internationale.<\/p>\n\n\n\n<p><strong>A. A.<\/strong><\/p>\n","protected":false},"excerpt":{"rendered":"<p>La pand\u00e9mie du \u00abCovid-19\u00bb a forc\u00e9 le d\u00e9clin des moyens traditionnels de campagne \u00e9lectorale face \u00e0 l&#8217;avanc\u00e9e de la num\u00e9risation. C\u2019est ce qu\u2019indique Jaouad Nouhi, professeur de droit public \u00e0 l&#8217;Universit\u00e9 Mohammed V de Rabat. Invit\u00e9 de la derni\u00e8re \u00e9mission hebdomadaire \u00abLe Mardi du PCNS\u00bb du think tank ind\u00e9pendant Policy Center for the New South &hellip;<\/p>\n","protected":false},"author":9,"featured_media":7919,"comment_status":"open","ping_status":"closed","sticky":false,"template":"","format":"standard","meta":{"footnotes":""},"categories":[262],"tags":[],"class_list":["post-7918","post","type-post","status-publish","format-standard","has-post-thumbnail","hentry","category-elections"],"_links":{"self":[{"href":"https:\/\/letempsmag.ma\/index.php?rest_route=\/wp\/v2\/posts\/7918","targetHints":{"allow":["GET"]}}],"collection":[{"href":"https:\/\/letempsmag.ma\/index.php?rest_route=\/wp\/v2\/posts"}],"about":[{"href":"https:\/\/letempsmag.ma\/index.php?rest_route=\/wp\/v2\/types\/post"}],"author":[{"embeddable":true,"href":"https:\/\/letempsmag.ma\/index.php?rest_route=\/wp\/v2\/users\/9"}],"replies":[{"embeddable":true,"href":"https:\/\/letempsmag.ma\/index.php?rest_route=%2Fwp%2Fv2%2Fcomments&post=7918"}],"version-history":[{"count":1,"href":"https:\/\/letempsmag.ma\/index.php?rest_route=\/wp\/v2\/posts\/7918\/revisions"}],"predecessor-version":[{"id":7921,"href":"https:\/\/letempsmag.ma\/index.php?rest_route=\/wp\/v2\/posts\/7918\/revisions\/7921"}],"wp:featuredmedia":[{"embeddable":true,"href":"https:\/\/letempsmag.ma\/index.php?rest_route=\/wp\/v2\/media\/7919"}],"wp:attachment":[{"href":"https:\/\/letempsmag.ma\/index.php?rest_route=%2Fwp%2Fv2%2Fmedia&parent=7918"}],"wp:term":[{"taxonomy":"category","embeddable":true,"href":"https:\/\/letempsmag.ma\/index.php?rest_route=%2Fwp%2Fv2%2Fcategories&post=7918"},{"taxonomy":"post_tag","embeddable":true,"href":"https:\/\/letempsmag.ma\/index.php?rest_route=%2Fwp%2Fv2%2Ftags&post=7918"}],"curies":[{"name":"wp","href":"https:\/\/api.w.org\/{rel}","templated":true}]}}