{"id":7909,"date":"2021-09-08T10:08:43","date_gmt":"2021-09-08T09:08:43","guid":{"rendered":"https:\/\/letempsmag.ma\/?p=7909"},"modified":"2021-09-11T18:14:24","modified_gmt":"2021-09-11T17:14:24","slug":"le-marocain-veka-sallie-a-lallemand-veka-leader-mondial-des-fenetres-pvc","status":"publish","type":"post","link":"https:\/\/letempsmag.ma\/?p=7909","title":{"rendered":"Le Marocain MEKSA s\u2019allie \u00e0 l\u2019Allemand VEKA, leader mondial des fen\u00eatres PVC"},"content":{"rendered":"\n<p>MEKSA, leader marocain des syst\u00e8mes de fen\u00eatres en PVC, et le groupe allemand VEKA, leader mondial des fen\u00eatres PVC, ont pr\u00e9sent\u00e9 leur feuille de route et leurs ambitions nationales et continentales pour dynamiser la fili\u00e8re de la fen\u00eatre PVC. Lors d\u2019une rencontre avec la presse nationale, hier \u00e0 Casablanca, les deux partenaires ont annonc\u00e9 l\u2019objectif de porter \u00e0 20% la part de march\u00e9 de la fen\u00eatre PVC dans les cinq prochaines ann\u00e9es sur le march\u00e9 marocain tout en proc\u00e9dant au maillage de plus de vingt pays du continent africain \u00e0 partir du Maroc.<\/p>\n\n\n\n<p>\u00c0 cette occasion, le Directeur G\u00e9n\u00e9ral de MEKSA. Sabry Ziadi (\u00e0 droite sur la photo), a annonc\u00e9&nbsp;: \u00abNous sommes fiers d\u2019\u00eatre partenaire de VEKA, num\u00e9ro 1 mondial de la fen\u00eatre PVC. Il nous apporte son expertise, son savoir-faire ainsi que son compl\u00e9ment de gammes pour proposer au march\u00e9 marocain les meilleures technologies en syst\u00e8mes de fen\u00eatres. Notre ambition est de renforcer ensemble une fili\u00e8re de la fen\u00eatre PVC marocaine comp\u00e9titive et aux standards les plus \u00e9lev\u00e9s\u00bb.<\/p>\n\n\n\n<p>Accompagnant la nouvelle r\u00e9glementation thermique dans le b\u00e2timent, la fen\u00eatre PVC se pr\u00e9sente comme la solution la plus appropri\u00e9e. L\u2019Objectif&nbsp;: am\u00e9liorer l\u2019efficacit\u00e9 \u00e9nerg\u00e9tique des logements en fixant les niveaux de performance des constructions (isolation, orientation des b\u00e2timents, choix des mat\u00e9riaux&#8230;) ainsi que des syst\u00e8mes de chauffage. La fen\u00eatre PVC r\u00e9pond, en effet, \u00e0 l\u2019enjeu de la d\u00e9perdition \u00e9nerg\u00e9tique en offrant une excellente isolation thermique et acoustique, ainsi qu\u2019une r\u00e9sistance \u00e9prouv\u00e9e aux variations climatiques.<\/p>\n\n\n\n<p>Pour sa part, Jos Lenferink (\u00e0 gauche sur la photo), Pr\u00e9sident Directeur G\u00e9n\u00e9ral de VEKA pour l\u2019Europe du Sud-Ouest et l\u2019Afrique Francophone, il a pr\u00e9cis\u00e9 que \u00abLe choix de MEKSA pour constituer cette alliance \u00e9tait pour nous une \u00e9vidence. Son ancrage local et son expertise confirm\u00e9e confortent notre choix strat\u00e9gique de d\u00e9veloppement continental \u00e0 partir du Maroc. Nous partageons la m\u00eame vision pour l\u2019avenir de la fili\u00e8re de la fen\u00eatre PVC en Afrique, \u00e0 savoir un mat\u00e9riau sain, durable et performant qui peut apporter beaucoup en faveur de plus confort dans le continent\u00bb.<\/p>\n\n\n\n<p>Pr\u00e9cisons que MEKSA est leader marocain dans l\u2019extrusion des syst\u00e8mes de menuiseries PVC et des volets roulants. L\u2019entreprise d\u00e9veloppe \u00e9galement, depuis 2008, des syst\u00e8mes de volets roulants en aluminium. Quant au groupe VEKA, op\u00e9rateur ind\u00e9pendant et leader mondial, il est expert en extrusion de profil\u00e9s PVC et concepteur de syst\u00e8mes de menuiseries (fen\u00eatres, volets et portes). Son si\u00e8ge est bas\u00e9 en Allemagne. II op\u00e8re au niveau international avec plus de 6.000 collaborateurs r\u00e9partis sur 41 sites. Il a r\u00e9alis\u00e9 en 2019 un chiffre d\u2019affaires de 1,1 milliard d\u2019euros.<\/p>\n\n\n\n<p><strong>L. F.<\/strong><\/p>\n","protected":false},"excerpt":{"rendered":"<p>MEKSA, leader marocain des syst\u00e8mes de fen\u00eatres en PVC, et le groupe allemand VEKA, leader mondial des fen\u00eatres PVC, ont pr\u00e9sent\u00e9 leur feuille de route et leurs ambitions nationales et continentales pour dynamiser la fili\u00e8re de la fen\u00eatre PVC. Lors d\u2019une rencontre avec la presse nationale, hier \u00e0 Casablanca, les deux partenaires ont annonc\u00e9 l\u2019objectif &hellip;<\/p>\n","protected":false},"author":9,"featured_media":7910,"comment_status":"open","ping_status":"closed","sticky":false,"template":"","format":"standard","meta":{"footnotes":""},"categories":[82],"tags":[],"class_list":["post-7909","post","type-post","status-publish","format-standard","has-post-thumbnail","hentry","category-industrie"],"_links":{"self":[{"href":"https:\/\/letempsmag.ma\/index.php?rest_route=\/wp\/v2\/posts\/7909","targetHints":{"allow":["GET"]}}],"collection":[{"href":"https:\/\/letempsmag.ma\/index.php?rest_route=\/wp\/v2\/posts"}],"about":[{"href":"https:\/\/letempsmag.ma\/index.php?rest_route=\/wp\/v2\/types\/post"}],"author":[{"embeddable":true,"href":"https:\/\/letempsmag.ma\/index.php?rest_route=\/wp\/v2\/users\/9"}],"replies":[{"embeddable":true,"href":"https:\/\/letempsmag.ma\/index.php?rest_route=%2Fwp%2Fv2%2Fcomments&post=7909"}],"version-history":[{"count":2,"href":"https:\/\/letempsmag.ma\/index.php?rest_route=\/wp\/v2\/posts\/7909\/revisions"}],"predecessor-version":[{"id":8039,"href":"https:\/\/letempsmag.ma\/index.php?rest_route=\/wp\/v2\/posts\/7909\/revisions\/8039"}],"wp:featuredmedia":[{"embeddable":true,"href":"https:\/\/letempsmag.ma\/index.php?rest_route=\/wp\/v2\/media\/7910"}],"wp:attachment":[{"href":"https:\/\/letempsmag.ma\/index.php?rest_route=%2Fwp%2Fv2%2Fmedia&parent=7909"}],"wp:term":[{"taxonomy":"category","embeddable":true,"href":"https:\/\/letempsmag.ma\/index.php?rest_route=%2Fwp%2Fv2%2Fcategories&post=7909"},{"taxonomy":"post_tag","embeddable":true,"href":"https:\/\/letempsmag.ma\/index.php?rest_route=%2Fwp%2Fv2%2Ftags&post=7909"}],"curies":[{"name":"wp","href":"https:\/\/api.w.org\/{rel}","templated":true}]}}