{"id":7906,"date":"2021-09-08T10:07:25","date_gmt":"2021-09-08T09:07:25","guid":{"rendered":"https:\/\/letempsmag.ma\/?p=7906"},"modified":"2021-09-08T10:07:27","modified_gmt":"2021-09-08T09:07:27","slug":"2m-rend-hommage-aux-femmes-avec-une-3eme-edition-du-trophee-tilila","status":"publish","type":"post","link":"https:\/\/letempsmag.ma\/?p=7906","title":{"rendered":"2M rend hommage aux femmes avec une 3\u00e8me \u00e9dition du \u00abTroph\u00e9e Tilila\u00bb"},"content":{"rendered":"\n<p>En ligne avec ses engagements en mati\u00e8re de lutte contre les st\u00e9r\u00e9otypes n\u00e9gatifs \u00e0 l\u2019\u00e9gard des femmes dans les m\u00e9dias, la cha\u00eene de t\u00e9l\u00e9vision 2M annonce l\u2019organisation de la 3<sup>\u00e8me<\/sup> \u00e9dition du \u00abTroph\u00e9e Tilila\u00bb r\u00e9compensant les spots publicitaires les plus respectueux de l\u2019image de la femme.<\/p>\n\n\n\n<p>Depuis 2018, le \u00abTroph\u00e9e Tilila\u00bb est devenu un rendez-vous incontournable dans le monde de la communication et des m\u00e9dias au Maroc. Il a pour objectif de contribuer \u00e0 une prise de conscience du r\u00f4le crucial de la publicit\u00e9 dans la promotion d&#8217;une image positive de la femme dans la soci\u00e9t\u00e9 marocaine. Il r\u00e9compense les marques et les cr\u00e9ations publicitaires les plus engag\u00e9es dans le sens de l&#8217;\u00e9galit\u00e9 des genres et de la lutte contre les repr\u00e9sentations st\u00e9r\u00e9otyp\u00e9es de la femme.<\/p>\n\n\n\n<p>Les prix de cette 3<sup>\u00e8me<\/sup> \u00e9dition seront remis le vendredi 8 octobre prochain, suite aux d\u00e9lib\u00e9rations d\u2019un jury ind\u00e9pendant compos\u00e9 de compos\u00e9 d\u2019Ahmed Ghazali, ancien Pr\u00e9sident de la HACA, juriste et Pr\u00e9sident de la F\u00e9d\u00e9ration Nationale des Associations de Micro-Cr\u00e9dit; Ilham Hraoui, Directrice de la r\u00e9gie publicitaire de la SNRT; Driss Ksikes, auteur et dramaturge; et Narjiss Nejjar, cin\u00e9aste.<\/p>\n\n\n\n<p>Pour cette nouvelle \u00e9dition, 2M a tenu \u00e0 aller plus loin en r\u00e9ponse aux enjeux de la repr\u00e9sentation de l&#8217;image de la femme dans l&#8217;espace m\u00e9diatique. Ainsi, au-del\u00e0 de la gratification des acteurs les plus engag\u00e9s de l\u2019\u00e9cosyst\u00e8me, la cha\u00eene investit dans l&#8217;avenir et pr\u00e9pare la rel\u00e8ve \u00e0 travers une nouveaut\u00e9, le \u00abTililab\u00bb, un concours de cr\u00e9ation ouvert aux jeunes talents de moins de 30 ans. Apr\u00e8s un appel \u00e0 candidatures, 6 candidats ont \u00e9t\u00e9 retenus et feront partie d\u2019un BootCamp organis\u00e9 \u00e0 Marrakech du 9 au 12 septembre courant. L\u2019occasion de se familiariser avec le monde de la publicit\u00e9 et les enjeux de la parit\u00e9.<\/p>\n\n\n\n<p>\u00c0 travers le \u00abTroph\u00e9e Tilila\u00bb et de par son r\u00f4le de cha\u00eene de t\u00e9l\u00e9vision citoyenne et son statut de m\u00e9dia grand public, 2M assume sa responsabilit\u00e9 sociale de mise en valeur de la femme en tant qu\u2019acteur \u00e9conomique, social et politique dans l\u2019espace m\u00e9diatique.<\/p>\n\n\n\n<p><strong>M. E.<\/strong><\/p>\n","protected":false},"excerpt":{"rendered":"<p>En ligne avec ses engagements en mati\u00e8re de lutte contre les st\u00e9r\u00e9otypes n\u00e9gatifs \u00e0 l\u2019\u00e9gard des femmes dans les m\u00e9dias, la cha\u00eene de t\u00e9l\u00e9vision 2M annonce l\u2019organisation de la 3\u00e8me \u00e9dition du \u00abTroph\u00e9e Tilila\u00bb r\u00e9compensant les spots publicitaires les plus respectueux de l\u2019image de la femme. Depuis 2018, le \u00abTroph\u00e9e Tilila\u00bb est devenu un rendez-vous &hellip;<\/p>\n","protected":false},"author":9,"featured_media":7907,"comment_status":"open","ping_status":"closed","sticky":false,"template":"","format":"standard","meta":{"footnotes":""},"categories":[247],"tags":[],"class_list":["post-7906","post","type-post","status-publish","format-standard","has-post-thumbnail","hentry","category-medias"],"_links":{"self":[{"href":"https:\/\/letempsmag.ma\/index.php?rest_route=\/wp\/v2\/posts\/7906","targetHints":{"allow":["GET"]}}],"collection":[{"href":"https:\/\/letempsmag.ma\/index.php?rest_route=\/wp\/v2\/posts"}],"about":[{"href":"https:\/\/letempsmag.ma\/index.php?rest_route=\/wp\/v2\/types\/post"}],"author":[{"embeddable":true,"href":"https:\/\/letempsmag.ma\/index.php?rest_route=\/wp\/v2\/users\/9"}],"replies":[{"embeddable":true,"href":"https:\/\/letempsmag.ma\/index.php?rest_route=%2Fwp%2Fv2%2Fcomments&post=7906"}],"version-history":[{"count":1,"href":"https:\/\/letempsmag.ma\/index.php?rest_route=\/wp\/v2\/posts\/7906\/revisions"}],"predecessor-version":[{"id":7908,"href":"https:\/\/letempsmag.ma\/index.php?rest_route=\/wp\/v2\/posts\/7906\/revisions\/7908"}],"wp:featuredmedia":[{"embeddable":true,"href":"https:\/\/letempsmag.ma\/index.php?rest_route=\/wp\/v2\/media\/7907"}],"wp:attachment":[{"href":"https:\/\/letempsmag.ma\/index.php?rest_route=%2Fwp%2Fv2%2Fmedia&parent=7906"}],"wp:term":[{"taxonomy":"category","embeddable":true,"href":"https:\/\/letempsmag.ma\/index.php?rest_route=%2Fwp%2Fv2%2Fcategories&post=7906"},{"taxonomy":"post_tag","embeddable":true,"href":"https:\/\/letempsmag.ma\/index.php?rest_route=%2Fwp%2Fv2%2Ftags&post=7906"}],"curies":[{"name":"wp","href":"https:\/\/api.w.org\/{rel}","templated":true}]}}