{"id":7903,"date":"2021-09-08T10:06:41","date_gmt":"2021-09-08T09:06:41","guid":{"rendered":"https:\/\/letempsmag.ma\/?p=7903"},"modified":"2021-09-08T10:06:42","modified_gmt":"2021-09-08T09:06:42","slug":"nespresso-lance-au-maroc-une-nouvelle-edition-ispirazione-italiana","status":"publish","type":"post","link":"https:\/\/letempsmag.ma\/?p=7903","title":{"rendered":"Nespresso lance au Maroc une nouvelle \u00e9dition \u00abIspirazione Italiana\u00bb"},"content":{"rendered":"\n<p>Nespresso a lanc\u00e9 au Maroc, depuis le 6 septembre, une nouvelle \u00e9dition de caf\u00e9s intenses et captivants. Les deux nouveaut\u00e9s arrivent en \u00e9dition limit\u00e9e et enrichissent la gamme \u00abIspirazione Italiana\u00bb. Ils s\u2019inspirent du savoir-faire des torr\u00e9facteurs italiens et des saveurs exceptionnelles qu\u2019ils savent si habilement mettre au point.<\/p>\n\n\n\n<p>Le nouveau \u00abIspirazione Novecento\u00bb en \u00e9dition limit\u00e9e s\u2019inspire des Espressos italiens classiques des ann\u00e9es 1940. Cette tasse de caf\u00e9, noir et fum\u00e9, rappelle le tout d\u00e9but des \u00e9tablissements o\u00f9 l\u2019on se tenait debout derri\u00e8re un bar, o\u00f9 la torr\u00e9faction d\u2019un m\u00e9lange des quelques grains disponibles dans une Europe en temps de guerre, plus lente, se faisait le plus souvent au feu de bois&nbsp;! Des grains traditionnels d\u2019\u00abArabicas\u00bb et de \u00abRobustas\u00bb d\u2019Afrique de l\u2019Ouest viennent agr\u00e9menter la base br\u00e9silienne de \u00abIspirazione Novecento\u00bb afin d\u2019obtenir un Espresso intense aux saveurs brutes, \u00e9pic\u00e9es et de noix et \u00e0 la Crema dense et obscure.<\/p>\n\n\n\n<p>Quant \u00e0 l\u2019\u00abIspirazione Millennio\u00bb en \u00e9dition limit\u00e9e de Nespresso, il s\u2019inspire de l\u2019ar\u00f4me des caf\u00e9s issus des nouvelles tendances en mati\u00e8re de torr\u00e9faction artisanale du caf\u00e9 et qui semblent pr\u00e9f\u00e9rer les saveurs plus vives et plus fruit\u00e9es. Ce go\u00fbt frais et moderne est obtenu par la torr\u00e9faction plus courte et plus douce d\u2019\u00abArabicas\u00bb du Br\u00e9sil et de Colombie, auxquels sont associ\u00e9s des grains du sous-continent indien. En r\u00e9sulte un caf\u00e9 \u00e9quilibr\u00e9, agr\u00e9ablement intense, aux notes \u00e9pic\u00e9es, \u00e0 l\u2019acidit\u00e9 d\u00e9licate et au l\u00e9ger go\u00fbt fruit\u00e9.<\/p>\n\n\n\n<p>\u00abIspirazione Italiana de Nespresso est bien plus qu\u2019une gamme qui s\u2019inspire des caf\u00e9s italiens. C\u2019est une \u0153uvre d\u2019art magnifiquement con\u00e7ue, associant plusieurs ar\u00f4mes, go\u00fbts et influences g\u00e9ographiques\u00bb, confie Yassir Max Corpataux, Coffee Ambassador Nespresso au Moyen-Orient et en Afrique.<\/p>\n","protected":false},"excerpt":{"rendered":"<p>Nespresso a lanc\u00e9 au Maroc, depuis le 6 septembre, une nouvelle \u00e9dition de caf\u00e9s intenses et captivants. Les deux nouveaut\u00e9s arrivent en \u00e9dition limit\u00e9e et enrichissent la gamme \u00abIspirazione Italiana\u00bb. Ils s\u2019inspirent du savoir-faire des torr\u00e9facteurs italiens et des saveurs exceptionnelles qu\u2019ils savent si habilement mettre au point. Le nouveau \u00abIspirazione Novecento\u00bb en \u00e9dition limit\u00e9e &hellip;<\/p>\n","protected":false},"author":9,"featured_media":7904,"comment_status":"open","ping_status":"closed","sticky":false,"template":"","format":"standard","meta":{"footnotes":""},"categories":[388],"tags":[],"class_list":["post-7903","post","type-post","status-publish","format-standard","has-post-thumbnail","hentry","category-cafes"],"_links":{"self":[{"href":"https:\/\/letempsmag.ma\/index.php?rest_route=\/wp\/v2\/posts\/7903","targetHints":{"allow":["GET"]}}],"collection":[{"href":"https:\/\/letempsmag.ma\/index.php?rest_route=\/wp\/v2\/posts"}],"about":[{"href":"https:\/\/letempsmag.ma\/index.php?rest_route=\/wp\/v2\/types\/post"}],"author":[{"embeddable":true,"href":"https:\/\/letempsmag.ma\/index.php?rest_route=\/wp\/v2\/users\/9"}],"replies":[{"embeddable":true,"href":"https:\/\/letempsmag.ma\/index.php?rest_route=%2Fwp%2Fv2%2Fcomments&post=7903"}],"version-history":[{"count":1,"href":"https:\/\/letempsmag.ma\/index.php?rest_route=\/wp\/v2\/posts\/7903\/revisions"}],"predecessor-version":[{"id":7905,"href":"https:\/\/letempsmag.ma\/index.php?rest_route=\/wp\/v2\/posts\/7903\/revisions\/7905"}],"wp:featuredmedia":[{"embeddable":true,"href":"https:\/\/letempsmag.ma\/index.php?rest_route=\/wp\/v2\/media\/7904"}],"wp:attachment":[{"href":"https:\/\/letempsmag.ma\/index.php?rest_route=%2Fwp%2Fv2%2Fmedia&parent=7903"}],"wp:term":[{"taxonomy":"category","embeddable":true,"href":"https:\/\/letempsmag.ma\/index.php?rest_route=%2Fwp%2Fv2%2Fcategories&post=7903"},{"taxonomy":"post_tag","embeddable":true,"href":"https:\/\/letempsmag.ma\/index.php?rest_route=%2Fwp%2Fv2%2Ftags&post=7903"}],"curies":[{"name":"wp","href":"https:\/\/api.w.org\/{rel}","templated":true}]}}