{"id":7731,"date":"2021-09-02T10:03:32","date_gmt":"2021-09-02T09:03:32","guid":{"rendered":"https:\/\/letempsmag.ma\/?p=7731"},"modified":"2021-09-02T10:03:34","modified_gmt":"2021-09-02T09:03:34","slug":"le-lycee-mediterraneen-accueille-sa-premiere-promotion-pour-la-rentree-2021-2022","status":"publish","type":"post","link":"https:\/\/letempsmag.ma\/?p=7731","title":{"rendered":"Le Lyc\u00e9e M\u00e9diterran\u00e9en accueille sa premi\u00e8re promotion pour la rentr\u00e9e 2021-2022"},"content":{"rendered":"\n<p>Le Lyc\u00e9e M\u00e9diterran\u00e9en (LYMED) a ouvert ses portes le 31 ao\u00fbt dernier pour accueillir sa premi\u00e8re promotion d\u2019\u00e9l\u00e8ves en fili\u00e8re MPSI (Math\u00e9matiques, Physique et Sciences de l\u2019Ing\u00e9nieur) des classes pr\u00e9paratoires scientifiques aux grandes \u00e9coles d\u2019ing\u00e9nieurs marocaines et fran\u00e7aises. Cette premi\u00e8re promotion comptera deux classes compos\u00e9es d\u2019\u00e9l\u00e8ves provenant \u00e0 36% de la r\u00e9gion nord du Royaume.<\/p>\n\n\n\n<p>Port\u00e9 par la Fondation Tanger Med, le LYMED est un \u00e9tablissement destin\u00e9 aux \u00e9l\u00e8ves marocains les plus m\u00e9ritants, provenant de tous les milieux sociaux, et a pour mission de les former, dans leurs pays, dans un cadre inclusif de mixit\u00e9 sociale propice au respect de la diversit\u00e9 et \u00e0 la promotion de l\u2019\u00e9galit\u00e9 des chances. En portant un tel projet, orient\u00e9 sur le d\u00e9veloppement du capital humain, la Fondation Tanger Med entend participer \u00e0 l\u2019installation d\u2019un socle d\u2019excellence durable dans la r\u00e9gion du nord du Royaume.<\/p>\n\n\n\n<p>Situ\u00e9 dans la zone de T\u00e9touan Shore, \u00e0 proximit\u00e9 de Cabo Negro, le campus LYMED s\u2019\u00e9tend sur 3 hectares et offre un cadre d\u2019\u00e9tudes aux meilleurs standards, tant au niveau des infrastructures mises \u00e0 la disposition des \u00e9l\u00e8ves que des \u00e9quipes encadrantes d\u00e9di\u00e9es \u00e0 leur accompagnement p\u00e9dagogique. L\u2019\u00e9tablissement se trouve \u00e9galement au c\u0153ur d\u2019un \u00e9cosyst\u00e8me portuaire et industriel unique, dans une r\u00e9gion qui dispose d\u2019un important vivier d\u2019ing\u00e9nieurs comp\u00e9tents qui pourront accompagner les \u00e9l\u00e8ves dans la conduite de leur projets p\u00e9dagogiques et pratiques appel\u00e9s Travaux d\u2019Initiative Personnelle Encadr\u00e9s (TIPE).<\/p>\n\n\n\n<p>Pr\u00e9cisons enfin que LYMED est le fruit d\u2019un partenariat entre la Fondation Tanger Med et le minist\u00e8re de l\u2019\u00c9ducation nationale, de la Formation professionnelle, de l&#8217;Enseignement sup\u00e9rieur et de la Recherche scientifique. Depuis sa cr\u00e9ation en 2007, la Fondation Tanger Med \u0153uvre au d\u00e9ploiement d\u2019actions \u00e0 fort impact sur le territoire dans les domaines de la sant\u00e9, de l\u2019\u00e9ducation, de l\u2019inclusion socio-\u00e9conomique et de l\u2019environnement.<\/p>\n\n\n\n<p><strong>M. E.<\/strong><\/p>\n","protected":false},"excerpt":{"rendered":"<p>Le Lyc\u00e9e M\u00e9diterran\u00e9en (LYMED) a ouvert ses portes le 31 ao\u00fbt dernier pour accueillir sa premi\u00e8re promotion d\u2019\u00e9l\u00e8ves en fili\u00e8re MPSI (Math\u00e9matiques, Physique et Sciences de l\u2019Ing\u00e9nieur) des classes pr\u00e9paratoires scientifiques aux grandes \u00e9coles d\u2019ing\u00e9nieurs marocaines et fran\u00e7aises. Cette premi\u00e8re promotion comptera deux classes compos\u00e9es d\u2019\u00e9l\u00e8ves provenant \u00e0 36% de la r\u00e9gion nord du Royaume. &hellip;<\/p>\n","protected":false},"author":9,"featured_media":7732,"comment_status":"open","ping_status":"closed","sticky":false,"template":"","format":"standard","meta":{"footnotes":""},"categories":[85],"tags":[],"class_list":["post-7731","post","type-post","status-publish","format-standard","has-post-thumbnail","hentry","category-enseignement"],"_links":{"self":[{"href":"https:\/\/letempsmag.ma\/index.php?rest_route=\/wp\/v2\/posts\/7731","targetHints":{"allow":["GET"]}}],"collection":[{"href":"https:\/\/letempsmag.ma\/index.php?rest_route=\/wp\/v2\/posts"}],"about":[{"href":"https:\/\/letempsmag.ma\/index.php?rest_route=\/wp\/v2\/types\/post"}],"author":[{"embeddable":true,"href":"https:\/\/letempsmag.ma\/index.php?rest_route=\/wp\/v2\/users\/9"}],"replies":[{"embeddable":true,"href":"https:\/\/letempsmag.ma\/index.php?rest_route=%2Fwp%2Fv2%2Fcomments&post=7731"}],"version-history":[{"count":1,"href":"https:\/\/letempsmag.ma\/index.php?rest_route=\/wp\/v2\/posts\/7731\/revisions"}],"predecessor-version":[{"id":7733,"href":"https:\/\/letempsmag.ma\/index.php?rest_route=\/wp\/v2\/posts\/7731\/revisions\/7733"}],"wp:featuredmedia":[{"embeddable":true,"href":"https:\/\/letempsmag.ma\/index.php?rest_route=\/wp\/v2\/media\/7732"}],"wp:attachment":[{"href":"https:\/\/letempsmag.ma\/index.php?rest_route=%2Fwp%2Fv2%2Fmedia&parent=7731"}],"wp:term":[{"taxonomy":"category","embeddable":true,"href":"https:\/\/letempsmag.ma\/index.php?rest_route=%2Fwp%2Fv2%2Fcategories&post=7731"},{"taxonomy":"post_tag","embeddable":true,"href":"https:\/\/letempsmag.ma\/index.php?rest_route=%2Fwp%2Fv2%2Ftags&post=7731"}],"curies":[{"name":"wp","href":"https:\/\/api.w.org\/{rel}","templated":true}]}}