{"id":7695,"date":"2021-08-31T09:55:52","date_gmt":"2021-08-31T08:55:52","guid":{"rendered":"https:\/\/letempsmag.ma\/?p=7695"},"modified":"2021-08-31T09:55:53","modified_gmt":"2021-08-31T08:55:53","slug":"deux-scenarios-annonces-pour-la-rentree-scolaire-2021-2022","status":"publish","type":"post","link":"https:\/\/letempsmag.ma\/?p=7695","title":{"rendered":"Deux sc\u00e9narios annonc\u00e9s pour la rentr\u00e9e scolaire 2021-2022"},"content":{"rendered":"\n<p>Le minist\u00e8re de l&#8217;\u00c9ducation nationale, de la Formation professionnelle, de l&#8217;Enseignement sup\u00e9rieur et de la Recherche scientifique, annonce que la rentr\u00e9e scolaire 2021-2022 se d\u00e9roulera selon des modes p\u00e9dagogiques prenant en consid\u00e9ration (outre les mesures annonc\u00e9es pr\u00e9c\u00e9demment) le progr\u00e8s enregistr\u00e9 sur la voie de l&#8217;immunit\u00e9 collective face au \u00abCovid-19\u00bb. Cette d\u00e9cision tient compte l&#8217;\u00e9volution de la situation \u00e9pid\u00e9miologique et des disparit\u00e9s constat\u00e9es entre les diverses r\u00e9gions et provinces du Royaume, de m\u00eame que l&#8217;\u00e9tude des diff\u00e9rents sc\u00e9narios possibles d&#8217;organisation de la scolarit\u00e9 dans un tel contexte.<\/p>\n\n\n\n<p>La rentr\u00e9e scolaire prendra en consid\u00e9ration \u00e9galement l&#8217;op\u00e9ration de vaccination pour la tranche d&#8217;\u00e2ge des jeunes \u00e2g\u00e9s de 12 \u00e0 17 ans, aux c\u00f4t\u00e9s des mesures qu&#8217;adopteront les autorit\u00e9s comp\u00e9tentes pour faire face \u00e0 la propagation de la pand\u00e9mie, le but \u00e9tant de garantir un apprentissage dans des conditions optimales de s\u00e9curit\u00e9 pour tous les \u00e9l\u00e8ves et pour les cadres p\u00e9dagogiques et administratifs.<\/p>\n\n\n\n<p>\u00abA l&#8217;instar de la pr\u00e9c\u00e9dente ann\u00e9e scolaire, la volont\u00e9 des familles sera prise en compte concernant le mode p\u00e9dagogique \u00e0 adopter, sachant que le minist\u00e8re veillera \u00e0 ce que les diff\u00e9rentes formules d&#8217;apprentissage p\u00e9dagogique soient disponibles\u00bb, indique un communiqu\u00e9 diffus\u00e9 par le minist\u00e8re de tutelle.<\/p>\n\n\n\n<p>S&#8217;agissant des modes p\u00e9dagogiques qui seront adopt\u00e9s par les \u00e9tablissements d&#8217;enseignement publics et priv\u00e9s ainsi que par les \u00e9coles des Missions \u00e9trang\u00e8res, le minist\u00e8re pr\u00e9cise que le mode d&#8217;enseignement pr\u00e9sentiel sera adopt\u00e9 dans les \u00e9tablissements scolaires r\u00e9unissant les conditions mat\u00e9rielles de distanciation physique, comme c&#8217;est le cas pour les \u00e9tablissements situ\u00e9s en milieu rural, \u00e0 condition que le nombre d\u2019\u00e9l\u00e8ves ne d\u00e9passe pas 20 dans chaque classe. L&#8217;enseignement pr\u00e9sentiel sera \u00e9galement adopt\u00e9 dans les \u00e9tablissements scolaires o\u00f9 tous les \u00e9l\u00e8ves sont vaccin\u00e9s, tandis que le mode d&#8217;enseignement par alternance sera d\u00e9ploy\u00e9 dans le reste des \u00e9tablissements.<\/p>\n\n\n\n<p><strong>L. F.<\/strong><\/p>\n","protected":false},"excerpt":{"rendered":"<p>Le minist\u00e8re de l&#8217;\u00c9ducation nationale, de la Formation professionnelle, de l&#8217;Enseignement sup\u00e9rieur et de la Recherche scientifique, annonce que la rentr\u00e9e scolaire 2021-2022 se d\u00e9roulera selon des modes p\u00e9dagogiques prenant en consid\u00e9ration (outre les mesures annonc\u00e9es pr\u00e9c\u00e9demment) le progr\u00e8s enregistr\u00e9 sur la voie de l&#8217;immunit\u00e9 collective face au \u00abCovid-19\u00bb. Cette d\u00e9cision tient compte l&#8217;\u00e9volution de &hellip;<\/p>\n","protected":false},"author":9,"featured_media":7696,"comment_status":"open","ping_status":"closed","sticky":false,"template":"","format":"standard","meta":{"footnotes":""},"categories":[85],"tags":[],"class_list":["post-7695","post","type-post","status-publish","format-standard","has-post-thumbnail","hentry","category-enseignement"],"_links":{"self":[{"href":"https:\/\/letempsmag.ma\/index.php?rest_route=\/wp\/v2\/posts\/7695","targetHints":{"allow":["GET"]}}],"collection":[{"href":"https:\/\/letempsmag.ma\/index.php?rest_route=\/wp\/v2\/posts"}],"about":[{"href":"https:\/\/letempsmag.ma\/index.php?rest_route=\/wp\/v2\/types\/post"}],"author":[{"embeddable":true,"href":"https:\/\/letempsmag.ma\/index.php?rest_route=\/wp\/v2\/users\/9"}],"replies":[{"embeddable":true,"href":"https:\/\/letempsmag.ma\/index.php?rest_route=%2Fwp%2Fv2%2Fcomments&post=7695"}],"version-history":[{"count":1,"href":"https:\/\/letempsmag.ma\/index.php?rest_route=\/wp\/v2\/posts\/7695\/revisions"}],"predecessor-version":[{"id":7697,"href":"https:\/\/letempsmag.ma\/index.php?rest_route=\/wp\/v2\/posts\/7695\/revisions\/7697"}],"wp:featuredmedia":[{"embeddable":true,"href":"https:\/\/letempsmag.ma\/index.php?rest_route=\/wp\/v2\/media\/7696"}],"wp:attachment":[{"href":"https:\/\/letempsmag.ma\/index.php?rest_route=%2Fwp%2Fv2%2Fmedia&parent=7695"}],"wp:term":[{"taxonomy":"category","embeddable":true,"href":"https:\/\/letempsmag.ma\/index.php?rest_route=%2Fwp%2Fv2%2Fcategories&post=7695"},{"taxonomy":"post_tag","embeddable":true,"href":"https:\/\/letempsmag.ma\/index.php?rest_route=%2Fwp%2Fv2%2Ftags&post=7695"}],"curies":[{"name":"wp","href":"https:\/\/api.w.org\/{rel}","templated":true}]}}