{"id":7689,"date":"2021-08-31T09:52:48","date_gmt":"2021-08-31T08:52:48","guid":{"rendered":"https:\/\/letempsmag.ma\/?p=7689"},"modified":"2021-08-31T09:52:50","modified_gmt":"2021-08-31T08:52:50","slug":"le-maroc-interpelle-lalgerie-sur-ce-quelle-denie-a-la-kabylie-mais-quelle-reclame-au-sahara","status":"publish","type":"post","link":"https:\/\/letempsmag.ma\/?p=7689","title":{"rendered":"Le Maroc interpelle l\u2019Alg\u00e9rie sur ce qu\u2019elle d\u00e9nie \u00e0 la Kabylie, mais qu\u2019elle r\u00e9clame au Sahara"},"content":{"rendered":"\n<p>Usant de son second droit de r\u00e9ponse aux r\u00e9cents propos fallacieux du repr\u00e9sentant de l\u2019Alg\u00e9rie, Soufiane Mimouni, au sujet d\u2019une pr\u00e9tendue autod\u00e9termination du \u00abpeuple du Sahara occidental\u00bb et une \u00aboccupation du Sahara par le Maroc\u00bb, lors du s\u00e9minaire onusien du \u00abC24\u00bb pour les Cara\u00efbes, \u00e0 la Dominique, l\u2019Ambassadeur et Repr\u00e9sentant du Maroc aux Nations-Unies, Omar Hilale (photo), a regrett\u00e9 que son coll\u00e8gue alg\u00e9rien ait eu recours \u00e0 l\u2019insulte, \u00e0 l\u2019invective et au d\u00e9nigrement dans sa r\u00e9ponse \u00e0 l\u2019argumentaire marocain, m\u00e9prisant ainsi le ton qui sied \u00e0 une r\u00e9union onusienne, faisant remarquer que \u00abl\u2019insulte est l\u2019arme des faibles\u00bb.<\/p>\n\n\n\n<p>Le diplomate marocain a par ailleurs soulign\u00e9 que l\u2019autod\u00e9termination des populations du Sahara marocain a \u00e9t\u00e9 achev\u00e9e avec le recouvrement par le Maroc de ses provinces sahariennes et s\u2019exerce quotidiennement par les populations depuis lors, et ce, \u00e0 travers plusieurs actes fondateurs et des actions politiques fortes dont notamment&nbsp;:<\/p>\n\n\n\n<p>&#8211; La d\u00e9fense de l\u2019int\u00e9grit\u00e9 territoriale du Royaume \u00e0 tous les niveaux sur le plan national et diplomatique \u00e0 l\u2019international.<\/p>\n\n\n\n<p>&#8211; L\u2019appropriation des diff\u00e9rentes \u00e9ch\u00e9ances \u00e9lectorales et r\u00e9f\u00e9rendaires, ce qui est l\u2019expression supr\u00eame du droit \u00e0 l\u2019autod\u00e9termination, et ce, dans un climat serein, calme et responsable, confirm\u00e9 par les rapports du Secr\u00e9tariat G\u00e9n\u00e9ral de l\u2019ONU au Conseil de S\u00e9curit\u00e9.<\/p>\n\n\n\n<p>&#8211; La participation massive aux \u00e9lections l\u00e9gislatives, municipales, communales et r\u00e9gionales en s\u2019honorant du taux de participation le plus \u00e9lev\u00e9 du Royaume, soit plus de 65%, ce qui n\u2019est nullement le cas de la derni\u00e8re participation au scrutin \u00e9lectoral, qui \u00e9tait de 0,1%, en Kabylie, en Alg\u00e9rie.<\/p>\n\n\n\n<p>&#8211; Le choix des populations des provinces du Sud du Royaume d\u2019\u00e9difier au Sahara une soci\u00e9t\u00e9 pacifique, inclusive, ouverte, tol\u00e9rante et r\u00e9solument attach\u00e9e \u00e0 la d\u00e9mocratie et au respect des Droits de l\u2019Homme.<\/p>\n\n\n\n<p>&#8211; La contribution de ces populations \u00e0 l\u2019essor socio-\u00e9conomique et culturel du Sahara marocain.<\/p>\n\n\n\n<p>&#8211; L\u2019engagement au quotidien de toutes les composantes sociales du Sahara, particuli\u00e8rement les jeunes et les femmes, \u00e0 la mise en \u0153uvre du Nouveau Mod\u00e8le de D\u00e9veloppement des provinces du Sud, initi\u00e9 par S.M. le Roi Mohammed VI depuis 2015.<\/p>\n\n\n\n<p>&#8211; L\u2019\u00e9vasion de dizaines de milliers de Sahraouis marocains des camps de Tindouf, au risque de leur vie, et leur retour \u00e0 la m\u00e8re-patrie, le Maroc. Plus de 20.000 personnes ont ainsi fui les camps de Tindouf et plusieurs dizaines ont \u00e9t\u00e9 tu\u00e9es par l\u2019arm\u00e9e alg\u00e9rienne ou par les mercenaires du \u00abPolisario\u00bb en tentant de s\u2019\u00e9chapper.<\/p>\n\n\n\n<p>L\u2019Ambassadeur du Maroc a \u00e9galement rappel\u00e9 que l\u2019autod\u00e9termination est un acte citoyen et volontaire au quotidien au Sahara marocain. Il a, de fait, remis le repr\u00e9sentant de l\u2019Alg\u00e9rie \u00e0 sa place, suite \u00e0 sa \u00e9ni\u00e8me d\u00e9rive et \u00e0 la r\u00e9currence obsessionnelle de son pays au sujet du pr\u00e9sum\u00e9 droit du Sahara marocain \u00e0 l\u2019autod\u00e9termination et sur ce qu\u2019il a qualifi\u00e9, avec insolence, de soi-disant \u00abderni\u00e8re colonie de l\u2019Afrique et d\u2019\u00c9tat colonisateur\u00bb. Omar Hilale a pris les participants \u00e0 t\u00e9moins en s\u2019interrogeant&nbsp;: quel territoire ou pays, invit\u00e9s \u00e0 ce s\u00e9minaire, ont-ils un voisin belliqueux qui leur impose un conflit arm\u00e9 depuis des d\u00e9cennies et les agresse par un groupe s\u00e9paratiste arm\u00e9 interpos\u00e9&nbsp;? Aucun&nbsp;! Seule l\u2019Alg\u00e9rie est coupable de cette unique anomalie gravissime \u00e0 l\u2019\u00e9gard du Maroc et de son Sahara. Le diplomate marocain a ensuite rappel\u00e9 \u00e0 l\u2019ambassadeur alg\u00e9rien que \u00abl\u2019autod\u00e9termination est un principe universel et onusien, qui ne doit souffrir d\u2019aucune s\u00e9lectivit\u00e9 et qui doit b\u00e9n\u00e9ficier \u00e0 toutes les populations, surtout celles qui subissent une occupation depuis des d\u00e9cennies\u00bb, ajoutant dans la foul\u00e9e que \u00abl\u2019Alg\u00e9rie, qui se gausse en toute occasion de le r\u00e9clamer avec monomanie pour le Sahara marocain, oublie qu\u2019il y a des populations dans son propre pays qui r\u00e9clament de pouvoir b\u00e9n\u00e9ficier de ce m\u00eame droit \u00e0 l\u2019autod\u00e9termination\u00bb. Et Omar Hilale d\u2019ass\u00e9ner que \u00able peuple Kabyle, qui existait bien avant la cr\u00e9ation de l\u2019\u00c9tat alg\u00e9rien, a le droit lui aussi de s\u2019autod\u00e9terminer&nbsp;! Pourquoi l\u2019Alg\u00e9rie lui d\u00e9nie ce qu\u2019elle exige pour les Marocains du Sahara, allant jusqu\u2019\u00e0 imposer au Royaume un conflit arm\u00e9 depuis 45 ans, par un groupe arm\u00e9 s\u00e9paratiste&nbsp;? Et pourquoi les repr\u00e9sentants du peuple Kabyle n\u2019ont-ils pas le droit d\u2019\u00eatre pr\u00e9sents \u00e0 cette r\u00e9union du \u00abC24\u00bb&nbsp;? Ils ont eux aussi le droit de s\u2019exprimer librement sur leur avenir\u00bb, a-t-il conclu.<\/p>\n","protected":false},"excerpt":{"rendered":"<p>Usant de son second droit de r\u00e9ponse aux r\u00e9cents propos fallacieux du repr\u00e9sentant de l\u2019Alg\u00e9rie, Soufiane Mimouni, au sujet d\u2019une pr\u00e9tendue autod\u00e9termination du \u00abpeuple du Sahara occidental\u00bb et une \u00aboccupation du Sahara par le Maroc\u00bb, lors du s\u00e9minaire onusien du \u00abC24\u00bb pour les Cara\u00efbes, \u00e0 la Dominique, l\u2019Ambassadeur et Repr\u00e9sentant du Maroc aux Nations-Unies, Omar &hellip;<\/p>\n","protected":false},"author":9,"featured_media":7690,"comment_status":"open","ping_status":"closed","sticky":false,"template":"","format":"standard","meta":{"footnotes":""},"categories":[375],"tags":[],"class_list":["post-7689","post","type-post","status-publish","format-standard","has-post-thumbnail","hentry","category-onu"],"_links":{"self":[{"href":"https:\/\/letempsmag.ma\/index.php?rest_route=\/wp\/v2\/posts\/7689","targetHints":{"allow":["GET"]}}],"collection":[{"href":"https:\/\/letempsmag.ma\/index.php?rest_route=\/wp\/v2\/posts"}],"about":[{"href":"https:\/\/letempsmag.ma\/index.php?rest_route=\/wp\/v2\/types\/post"}],"author":[{"embeddable":true,"href":"https:\/\/letempsmag.ma\/index.php?rest_route=\/wp\/v2\/users\/9"}],"replies":[{"embeddable":true,"href":"https:\/\/letempsmag.ma\/index.php?rest_route=%2Fwp%2Fv2%2Fcomments&post=7689"}],"version-history":[{"count":1,"href":"https:\/\/letempsmag.ma\/index.php?rest_route=\/wp\/v2\/posts\/7689\/revisions"}],"predecessor-version":[{"id":7691,"href":"https:\/\/letempsmag.ma\/index.php?rest_route=\/wp\/v2\/posts\/7689\/revisions\/7691"}],"wp:featuredmedia":[{"embeddable":true,"href":"https:\/\/letempsmag.ma\/index.php?rest_route=\/wp\/v2\/media\/7690"}],"wp:attachment":[{"href":"https:\/\/letempsmag.ma\/index.php?rest_route=%2Fwp%2Fv2%2Fmedia&parent=7689"}],"wp:term":[{"taxonomy":"category","embeddable":true,"href":"https:\/\/letempsmag.ma\/index.php?rest_route=%2Fwp%2Fv2%2Fcategories&post=7689"},{"taxonomy":"post_tag","embeddable":true,"href":"https:\/\/letempsmag.ma\/index.php?rest_route=%2Fwp%2Fv2%2Ftags&post=7689"}],"curies":[{"name":"wp","href":"https:\/\/api.w.org\/{rel}","templated":true}]}}