{"id":7686,"date":"2021-08-31T09:51:52","date_gmt":"2021-08-31T08:51:52","guid":{"rendered":"https:\/\/letempsmag.ma\/?p=7686"},"modified":"2021-08-31T09:59:32","modified_gmt":"2021-08-31T08:59:32","slug":"c-1-2-un-nouveau-variant-du-coronavirus-detecte-en-afrique-du-sud","status":"publish","type":"post","link":"https:\/\/letempsmag.ma\/?p=7686","title":{"rendered":"\u00abC.1.2\u00bb, un nouveau variant du coronavirus d\u00e9tect\u00e9 en Afrique du Sud"},"content":{"rendered":"\n<p>Un nouveau variant du coronavirus, baptis\u00e9 \u00abC.1.2\u00bb, a \u00e9t\u00e9 d\u00e9tect\u00e9 en Afrique du Sud. C\u2019est ce qu\u2019a r\u00e9v\u00e9l\u00e9 hier lundi une \u00e9tude publi\u00e9e par la KRISP, un institut sud-africain des maladies transmissibles et plateforme de recherche, d\u2019innovation et de s\u00e9quen\u00e7age, au Kwa Zulu-Natal. Les chercheurs, qui ont men\u00e9 cette \u00e9tude, craignent que ce nouveau variant soit caract\u00e9ris\u00e9 par une transmissibilit\u00e9 accrue, une r\u00e9sistance \u00e0 la neutralisation et une gravit\u00e9 de la maladie associ\u00e9e&nbsp;! \u00abCette lign\u00e9e a \u00e9t\u00e9 identifi\u00e9e pour la premi\u00e8re fois en mai 2021 et a \u00e9volu\u00e9 \u00e0 partir de \u00abC.1\u00bb, l\u2019une des lign\u00e9es qui ont domin\u00e9 la premi\u00e8re vague d\u2019infections en Afrique du Sud et ont \u00e9t\u00e9 d\u00e9tect\u00e9es pour la derni\u00e8re fois en janvier 2021\u00bb, pr\u00e9cisent-ils.<\/p>\n\n\n\n<p>Tulio de Oliveira, Directeur de la KRISP, qui rel\u00e8ve de l\u2019Universit\u00e9 du Kwa Zulu-Natal, souligne que \u00abla raison pour laquelle nous avons d\u00e9cid\u00e9 de publier cette recherche est que nous constatons la persistance du \u00abC.1.2\u00bb en Afrique du Sud\u00bb. Par ailleurs, ajoute-t-il, \u00abnous estimons que dans cette pand\u00e9mie, il est crucial de partager les informations disponibles le plus rapidement possible\u00bb, soulignant que ce nouveau variant s\u00e9vit jusqu\u2019\u00e0 maintenant dans une dizaine d\u2019autres pays. \u00abLe variant \u00abC.1.2\u00bb a \u00e9t\u00e9 d\u00e9tect\u00e9 dans la majorit\u00e9 des provinces d\u2019Afrique du Sud et dans plusieurs autres pays d\u2019Afrique, d\u2019Europe, d\u2019Asie et d\u2019Oc\u00e9anie\u00bb, a d\u00e9taill\u00e9 le Directeur de la KRISP.<\/p>\n\n\n\n<p>L\u2019Afrique du Sud fait face \u00e0 une troisi\u00e8me vague d\u00e9vastatrice d\u2019infections au \u00abCovid-19\u00bb depuis juin dernier, principalement aliment\u00e9e par le variant \u00abDelta\u00bb, qui a \u00e9t\u00e9 d\u00e9couvert pour la premi\u00e8re fois en Inde, en d\u00e9but d\u2019ann\u00e9e. Vendredi dernier, le Ministre sud-africain de la Sant\u00e9, Joe Phaahla, a affirm\u00e9 que cette troisi\u00e8me vague d\u2019infections, qui dure plus longtemps que pr\u00e9vu, suscite des inqui\u00e9tudes chez les autorit\u00e9s face \u00e0 une quatri\u00e8me vague d\u00e9sormais imminente. \u00abCette troisi\u00e8me vague de coronavirus met plus de temps \u00e0 s\u2019aplanir que les deux premi\u00e8res, ce qui pourrait nuire aux services de sant\u00e9, \u00e0 l\u2019approche de la quatri\u00e8me vague\u00bb, a-t-il d\u00e9clar\u00e9 lors d\u2019un r\u00e9cent point de presse.<\/p>\n\n\n\n<p>L\u2019Afrique du Sud, pays le plus affect\u00e9 par la pand\u00e9mie en Afrique, est toujours \u00e0 la tra\u00eene dans la course \u00e0 la vaccination. Depuis le d\u00e9but de la crise sanitaire, le pays a enregistr\u00e9 pr\u00e8s de 2,8 millions de cas positifs de coronavirus et plus de 81.000 d\u00e9c\u00e8s. Pour atteindre l\u2019immunit\u00e9 collective dans ce pays, qui compte 59 millions d\u2019habitants, plus de 40 millions de personnes doivent \u00eatre compl\u00e8tement vaccin\u00e9es.<\/p>\n\n\n\n<p><strong>A. A.<\/strong><\/p>\n","protected":false},"excerpt":{"rendered":"<p>Un nouveau variant du coronavirus, baptis\u00e9 \u00abC.1.2\u00bb, a \u00e9t\u00e9 d\u00e9tect\u00e9 en Afrique du Sud. C\u2019est ce qu\u2019a r\u00e9v\u00e9l\u00e9 hier lundi une \u00e9tude publi\u00e9e par la KRISP, un institut sud-africain des maladies transmissibles et plateforme de recherche, d\u2019innovation et de s\u00e9quen\u00e7age, au Kwa Zulu-Natal. Les chercheurs, qui ont men\u00e9 cette \u00e9tude, craignent que ce nouveau variant &hellip;<\/p>\n","protected":false},"author":9,"featured_media":7704,"comment_status":"open","ping_status":"closed","sticky":false,"template":"","format":"standard","meta":{"footnotes":""},"categories":[168],"tags":[],"class_list":["post-7686","post","type-post","status-publish","format-standard","has-post-thumbnail","hentry","category-pandemie-2"],"_links":{"self":[{"href":"https:\/\/letempsmag.ma\/index.php?rest_route=\/wp\/v2\/posts\/7686","targetHints":{"allow":["GET"]}}],"collection":[{"href":"https:\/\/letempsmag.ma\/index.php?rest_route=\/wp\/v2\/posts"}],"about":[{"href":"https:\/\/letempsmag.ma\/index.php?rest_route=\/wp\/v2\/types\/post"}],"author":[{"embeddable":true,"href":"https:\/\/letempsmag.ma\/index.php?rest_route=\/wp\/v2\/users\/9"}],"replies":[{"embeddable":true,"href":"https:\/\/letempsmag.ma\/index.php?rest_route=%2Fwp%2Fv2%2Fcomments&post=7686"}],"version-history":[{"count":1,"href":"https:\/\/letempsmag.ma\/index.php?rest_route=\/wp\/v2\/posts\/7686\/revisions"}],"predecessor-version":[{"id":7688,"href":"https:\/\/letempsmag.ma\/index.php?rest_route=\/wp\/v2\/posts\/7686\/revisions\/7688"}],"wp:featuredmedia":[{"embeddable":true,"href":"https:\/\/letempsmag.ma\/index.php?rest_route=\/wp\/v2\/media\/7704"}],"wp:attachment":[{"href":"https:\/\/letempsmag.ma\/index.php?rest_route=%2Fwp%2Fv2%2Fmedia&parent=7686"}],"wp:term":[{"taxonomy":"category","embeddable":true,"href":"https:\/\/letempsmag.ma\/index.php?rest_route=%2Fwp%2Fv2%2Fcategories&post=7686"},{"taxonomy":"post_tag","embeddable":true,"href":"https:\/\/letempsmag.ma\/index.php?rest_route=%2Fwp%2Fv2%2Ftags&post=7686"}],"curies":[{"name":"wp","href":"https:\/\/api.w.org\/{rel}","templated":true}]}}