{"id":7632,"date":"2021-08-27T11:45:09","date_gmt":"2021-08-27T10:45:09","guid":{"rendered":"https:\/\/letempsmag.ma\/?p=7632"},"modified":"2021-08-27T11:45:12","modified_gmt":"2021-08-27T10:45:12","slug":"leconomie-marocaine-reprend-des-couleurs-avec-58-attendus-cette-annee","status":"publish","type":"post","link":"https:\/\/letempsmag.ma\/?p=7632","title":{"rendered":"L\u2019\u00e9conomie marocaine reprend des couleurs avec +5,8% attendus cette ann\u00e9e"},"content":{"rendered":"\n<p>La Direction des \u00c9tudes et de la\u00a0Pr\u00e9vision Financi\u00e8re (DEPF), relevant du minist\u00e8re de l&#8217;Economie et des Finances, a publi\u00e9 une int\u00e9ressante note de conjoncture au titre de ce mois d&#8217;ao\u00fbt. L&#8217;analyse fait \u00e9tat d\u2019une dynamique de reprise de l&#8217;\u00e9conomie marocaine pourtant expos\u00e9e \u00e0 un environnement sanitaire controvers\u00e9. En voici les principaux enseignements :- R\u00e9alisation d\u2019une tr\u00e8s bonne production c\u00e9r\u00e9ali\u00e8re de 103,2 millions de quintaux, soit la deuxi\u00e8me meilleure production apr\u00e8s celle de 2014-2015.- Poursuite de la reprise des activit\u00e9s non agricoles pour regagner leur niveau d\u2019avant la crise : industries manufacturi\u00e8res, BTP, \u00e9nergie \u00e9lectrique, t\u00e9l\u00e9coms&#8230;- La consommation des m\u00e9nages a regagn\u00e9 sa vigueur, tirant profit de l\u2019orientation favorable des revenus, en ligne avec la r\u00e9alisation d\u2019une tr\u00e8s bonne campagne agricole.- Reprise des cr\u00e9ations d\u2019emplois au deuxi\u00e8me trimestre 2021 et redressement des cr\u00e9dits \u00e0 la consommation ainsi qu&#8217;une bonne tenue des transferts des MRE.- L\u2019effort de l\u2019investissement a montr\u00e9 lui-aussi des signes de reprise, en phase avec la poursuite du redressement des importations des biens d\u2019\u00e9quipement, la hausse des recettes des investissements directs \u00e9trangers et la reprise de l\u2019investissement budg\u00e9taire.- Am\u00e9lioration du taux de couverture de 2,2 points \u00e0 fin juin dernier, sous l\u2019effet de la hausse des exportations \u00e0 un rythme (+24%) d\u00e9passant celui des importations (+19,5%).- L\u00e9ger creusement du d\u00e9ficit budg\u00e9taire de 1%, pour se situer \u00e0 42,6 milliards de DH \u00e0 fin juillet dernier.\u00a0&#8211; Ralentissement de la croissance des cr\u00e9dits bancaires \u00e0 +3,7%, \u00e0 fin juin dernier, apr\u00e8s +5,6% l\u2019ann\u00e9e pr\u00e9c\u00e9dente, particuli\u00e8rement ceux accord\u00e9s au secteur non financier.\u00a0&#8211; L\u00e9ger repli des indices boursiers &#8220;MASI&#8221; et MADEX&#8221; au cours du mois de juillet dernier : -0,8% et -0,9% respectivement par rapport \u00e0 fin juin dernier.\u00a0&#8211; Globalement, apr\u00e8s une ann\u00e9e 2020 difficile, marqu\u00e9e par une forte r\u00e9cession, la croissance de l\u2019\u00e9conomie nationale devrait retrouver sa vigueur en 2021 pour se situer dans une fourchette comprise entre 5,5% et 5,8%.<\/p>\n\n\n\n<p><br><strong>M. E.\u00a0<\/strong><\/p>\n","protected":false},"excerpt":{"rendered":"<p>La Direction des \u00c9tudes et de la\u00a0Pr\u00e9vision Financi\u00e8re (DEPF), relevant du minist\u00e8re de l&#8217;Economie et des Finances, a publi\u00e9 une int\u00e9ressante note de conjoncture au titre de ce mois d&#8217;ao\u00fbt. L&#8217;analyse fait \u00e9tat d\u2019une dynamique de reprise de l&#8217;\u00e9conomie marocaine pourtant expos\u00e9e \u00e0 un environnement sanitaire controvers\u00e9. En voici les principaux enseignements :- R\u00e9alisation d\u2019une &hellip;<\/p>\n","protected":false},"author":9,"featured_media":7633,"comment_status":"open","ping_status":"closed","sticky":false,"template":"","format":"standard","meta":{"footnotes":""},"categories":[130],"tags":[],"class_list":["post-7632","post","type-post","status-publish","format-standard","has-post-thumbnail","hentry","category-croissance"],"_links":{"self":[{"href":"https:\/\/letempsmag.ma\/index.php?rest_route=\/wp\/v2\/posts\/7632","targetHints":{"allow":["GET"]}}],"collection":[{"href":"https:\/\/letempsmag.ma\/index.php?rest_route=\/wp\/v2\/posts"}],"about":[{"href":"https:\/\/letempsmag.ma\/index.php?rest_route=\/wp\/v2\/types\/post"}],"author":[{"embeddable":true,"href":"https:\/\/letempsmag.ma\/index.php?rest_route=\/wp\/v2\/users\/9"}],"replies":[{"embeddable":true,"href":"https:\/\/letempsmag.ma\/index.php?rest_route=%2Fwp%2Fv2%2Fcomments&post=7632"}],"version-history":[{"count":1,"href":"https:\/\/letempsmag.ma\/index.php?rest_route=\/wp\/v2\/posts\/7632\/revisions"}],"predecessor-version":[{"id":7634,"href":"https:\/\/letempsmag.ma\/index.php?rest_route=\/wp\/v2\/posts\/7632\/revisions\/7634"}],"wp:featuredmedia":[{"embeddable":true,"href":"https:\/\/letempsmag.ma\/index.php?rest_route=\/wp\/v2\/media\/7633"}],"wp:attachment":[{"href":"https:\/\/letempsmag.ma\/index.php?rest_route=%2Fwp%2Fv2%2Fmedia&parent=7632"}],"wp:term":[{"taxonomy":"category","embeddable":true,"href":"https:\/\/letempsmag.ma\/index.php?rest_route=%2Fwp%2Fv2%2Fcategories&post=7632"},{"taxonomy":"post_tag","embeddable":true,"href":"https:\/\/letempsmag.ma\/index.php?rest_route=%2Fwp%2Fv2%2Ftags&post=7632"}],"curies":[{"name":"wp","href":"https:\/\/api.w.org\/{rel}","templated":true}]}}