{"id":7619,"date":"2021-08-26T16:17:05","date_gmt":"2021-08-26T15:17:05","guid":{"rendered":"https:\/\/letempsmag.ma\/?p=7619"},"modified":"2021-08-26T16:17:07","modified_gmt":"2021-08-26T15:17:07","slug":"le-ministere-de-linterieur-ne-rigole-pas-avec-les-mesures-restrictives","status":"publish","type":"post","link":"https:\/\/letempsmag.ma\/?p=7619","title":{"rendered":"Le minist\u00e8re de l\u2019Int\u00e9rieur ne rigole pas avec les mesures restrictives !"},"content":{"rendered":"\n<p>La campagne \u00e9lectorale a d\u00e9marr\u00e9 au Maroc en pleine pouss\u00e9e \u00e9pid\u00e9miologique, ce qui inqui\u00e8te les autorit\u00e9s et plus particuli\u00e8rement le minist\u00e8re de l\u2019Int\u00e9rieur, en charge de la gestion de la campagne. Le minist\u00e8re a ainsi r\u00e9uni, ce jeudi, les responsables des partis politiques afin de les informer de la n\u00e9cessit\u00e9 d\u2019adh\u00e9rer aux mesures pr\u00e9ventives d\u00e9cid\u00e9es pendant la campagne \u00e9lectorale. Lesdites mesures comprennent, entre autres, celle de ne pas d\u00e9passer 25 personnes lors des rassemblements publics dans les espaces ouverts et ferm\u00e9s. L\u2019Int\u00e9rieur exhorte \u00e9galement les partis politiques \u00e0 \u00e9viter d\u2019organiser des rassemblements \u00e9lectoraux dans les espaces ouverts qui connaissent un surpeuplement. Le d\u00e9partement d&#8217;Abdelouafi Laftit interdit aussi de monter des tentes dans les espaces publics et d&#8217;organiser des banquets, de d\u00e9passer un maximum de 10 personnes pendant les tourn\u00e9es et les d\u00e9marches de porte-\u00e0-porte.D\u2019autre part, un certain nombre de candidats, qui sont t\u00eates de liste des partis politiques, ont re\u00e7u des notifications \u00e9crites du minist\u00e8re de l\u2019Int\u00e9rieur pr\u00e9voyant, outre la n\u00e9cessit\u00e9 de respecter les mesures susmentionn\u00e9es, de ne pas d\u00e9passer 5 voitures pour les convois, avec la n\u00e9cessit\u00e9 d\u2019informer l\u2019autorit\u00e9 locale de l\u2019horaire et de l\u2019itin\u00e9raire des tourn\u00e9es et des convois et de respecter les mesures de pr\u00e9caution \u00e0 l\u2019int\u00e9rieur des bureaux de d\u00e9di\u00e9s \u00e0 la campagne \u00e9lectorale. Le minist\u00e8re a \u00e9galement interdit la distribution de tracts dans les rues et dans tous les espaces publics, ainsi que dans les espaces r\u00e9sidentiels. En revanche, les candidats peuvent placer des tracts dans des endroits o\u00f9 ils peuvent \u00eatre vus et leur contenu lisible.<\/p>\n\n\n\n<p><br><strong>E. D.\u00a0<\/strong><\/p>\n","protected":false},"excerpt":{"rendered":"<p>La campagne \u00e9lectorale a d\u00e9marr\u00e9 au Maroc en pleine pouss\u00e9e \u00e9pid\u00e9miologique, ce qui inqui\u00e8te les autorit\u00e9s et plus particuli\u00e8rement le minist\u00e8re de l\u2019Int\u00e9rieur, en charge de la gestion de la campagne. Le minist\u00e8re a ainsi r\u00e9uni, ce jeudi, les responsables des partis politiques afin de les informer de la n\u00e9cessit\u00e9 d\u2019adh\u00e9rer aux mesures pr\u00e9ventives d\u00e9cid\u00e9es &hellip;<\/p>\n","protected":false},"author":9,"featured_media":7620,"comment_status":"open","ping_status":"closed","sticky":false,"template":"","format":"standard","meta":{"footnotes":""},"categories":[262],"tags":[],"class_list":["post-7619","post","type-post","status-publish","format-standard","has-post-thumbnail","hentry","category-elections"],"_links":{"self":[{"href":"https:\/\/letempsmag.ma\/index.php?rest_route=\/wp\/v2\/posts\/7619","targetHints":{"allow":["GET"]}}],"collection":[{"href":"https:\/\/letempsmag.ma\/index.php?rest_route=\/wp\/v2\/posts"}],"about":[{"href":"https:\/\/letempsmag.ma\/index.php?rest_route=\/wp\/v2\/types\/post"}],"author":[{"embeddable":true,"href":"https:\/\/letempsmag.ma\/index.php?rest_route=\/wp\/v2\/users\/9"}],"replies":[{"embeddable":true,"href":"https:\/\/letempsmag.ma\/index.php?rest_route=%2Fwp%2Fv2%2Fcomments&post=7619"}],"version-history":[{"count":1,"href":"https:\/\/letempsmag.ma\/index.php?rest_route=\/wp\/v2\/posts\/7619\/revisions"}],"predecessor-version":[{"id":7621,"href":"https:\/\/letempsmag.ma\/index.php?rest_route=\/wp\/v2\/posts\/7619\/revisions\/7621"}],"wp:featuredmedia":[{"embeddable":true,"href":"https:\/\/letempsmag.ma\/index.php?rest_route=\/wp\/v2\/media\/7620"}],"wp:attachment":[{"href":"https:\/\/letempsmag.ma\/index.php?rest_route=%2Fwp%2Fv2%2Fmedia&parent=7619"}],"wp:term":[{"taxonomy":"category","embeddable":true,"href":"https:\/\/letempsmag.ma\/index.php?rest_route=%2Fwp%2Fv2%2Fcategories&post=7619"},{"taxonomy":"post_tag","embeddable":true,"href":"https:\/\/letempsmag.ma\/index.php?rest_route=%2Fwp%2Fv2%2Ftags&post=7619"}],"curies":[{"name":"wp","href":"https:\/\/api.w.org\/{rel}","templated":true}]}}