{"id":7394,"date":"2021-08-13T07:16:00","date_gmt":"2021-08-13T06:16:00","guid":{"rendered":"https:\/\/letempsmag.ma\/?p=7394"},"modified":"2021-08-13T08:41:35","modified_gmt":"2021-08-13T07:41:35","slug":"une-chaleur-humide-persiste-encore-sur-le-royaume","status":"publish","type":"post","link":"https:\/\/letempsmag.ma\/?p=7394","title":{"rendered":"Une chaleur humide persiste encore sur le Royaume"},"content":{"rendered":"\n<p>La vague de chaleur qui s\u2019est install\u00e9e sur le Royaume depuis quelques jours tire encore le mercure vers le haut, mais l\u00e9g\u00e8rement att\u00e9nu\u00e9e pour ce week-end. Les services de la Direction G\u00e9n\u00e9rale de la M\u00e9t\u00e9orologie pr\u00e9disent ainsi pour la journ\u00e9e de ce vendredi 13 ao\u00fbt un temps chaud \u00e0 localement tr\u00e8s chaud sur les r\u00e9gions du Souss, le Sud-Est, l&#8217;int\u00e9rieur des provinces Sahariennes, le Sa\u00efss, le Loukkos, les r\u00e9gions int\u00e9rieures du pays, l\u2019Oriental et la vall\u00e9e de la Moulouya. Des nuages bas et persistants seront observ\u00e9s pr\u00e8s des c\u00f4tes avec des formations brumeuses et des gouttes de bruine sur certaines zones humides. Des passages nuageux assez denses seront \u00e9galement enregistr\u00e9s sur l\u2019Atlas, ses r\u00e9gions Ouest avoisinantes, le Rif et le Sa\u00efss. Les temp\u00e9ratures minimales seront de l\u2019ordre de 23\u00e0&nbsp; 34 degr\u00e9s sur le Sud-Est, l\u2019Est et le Sud des provinces Sahariennes, de 21 \u00e0 28 degr\u00e9s sur l\u2019Oriental, \u00e0 l\u2019int\u00e9rieur des provinces Sud, le Souss, le Sa\u00efss, les r\u00e9gions int\u00e9rieures du Nord et du Centre, le Gharb et le Tang\u00e9rois et de 17 \u00e0 23 degr\u00e9s partout ailleurs. Quant aux temp\u00e9ratures maximales, elles seront de l\u2019ordre de 41\/ \u00e0 48 degr\u00e9s sur le Sud-Est, le Sud et l\u2019Est des provinces Sud, le Sa\u00efss, la vall\u00e9e de la Moulouya, les r\u00e9gions \u00e0 l\u2019Ouest de l\u2019Atlas et l\u2019int\u00e9rieur du Souss, du Gharb et du Loukkos, de 36 \u00e0 43 degr\u00e9s sur l\u2019Oriental, le Rif, les versants Sud-Est et l\u2019int\u00e9rieur des provinces Sud, de 28 \u00e0 36 degr\u00e9s sur l\u2019Atlas et les plaines atlantiques et de 22 \u00e0 29 degr\u00e9s pr\u00e8s des c\u00f4tes.<\/p>\n","protected":false},"excerpt":{"rendered":"<p>La vague de chaleur qui s\u2019est install\u00e9e sur le Royaume depuis quelques jours tire encore le mercure vers le haut, mais l\u00e9g\u00e8rement att\u00e9nu\u00e9e pour ce week-end. Les services de la Direction G\u00e9n\u00e9rale de la M\u00e9t\u00e9orologie pr\u00e9disent ainsi pour la journ\u00e9e de ce vendredi 13 ao\u00fbt un temps chaud \u00e0 localement tr\u00e8s chaud sur les r\u00e9gions &hellip;<\/p>\n","protected":false},"author":9,"featured_media":7395,"comment_status":"open","ping_status":"closed","sticky":false,"template":"","format":"standard","meta":{"footnotes":""},"categories":[234],"tags":[],"class_list":["post-7394","post","type-post","status-publish","format-standard","has-post-thumbnail","hentry","category-meteo-2"],"_links":{"self":[{"href":"https:\/\/letempsmag.ma\/index.php?rest_route=\/wp\/v2\/posts\/7394","targetHints":{"allow":["GET"]}}],"collection":[{"href":"https:\/\/letempsmag.ma\/index.php?rest_route=\/wp\/v2\/posts"}],"about":[{"href":"https:\/\/letempsmag.ma\/index.php?rest_route=\/wp\/v2\/types\/post"}],"author":[{"embeddable":true,"href":"https:\/\/letempsmag.ma\/index.php?rest_route=\/wp\/v2\/users\/9"}],"replies":[{"embeddable":true,"href":"https:\/\/letempsmag.ma\/index.php?rest_route=%2Fwp%2Fv2%2Fcomments&post=7394"}],"version-history":[{"count":1,"href":"https:\/\/letempsmag.ma\/index.php?rest_route=\/wp\/v2\/posts\/7394\/revisions"}],"predecessor-version":[{"id":7396,"href":"https:\/\/letempsmag.ma\/index.php?rest_route=\/wp\/v2\/posts\/7394\/revisions\/7396"}],"wp:featuredmedia":[{"embeddable":true,"href":"https:\/\/letempsmag.ma\/index.php?rest_route=\/wp\/v2\/media\/7395"}],"wp:attachment":[{"href":"https:\/\/letempsmag.ma\/index.php?rest_route=%2Fwp%2Fv2%2Fmedia&parent=7394"}],"wp:term":[{"taxonomy":"category","embeddable":true,"href":"https:\/\/letempsmag.ma\/index.php?rest_route=%2Fwp%2Fv2%2Fcategories&post=7394"},{"taxonomy":"post_tag","embeddable":true,"href":"https:\/\/letempsmag.ma\/index.php?rest_route=%2Fwp%2Fv2%2Ftags&post=7394"}],"curies":[{"name":"wp","href":"https:\/\/api.w.org\/{rel}","templated":true}]}}