{"id":7360,"date":"2021-08-12T07:38:00","date_gmt":"2021-08-12T06:38:00","guid":{"rendered":"https:\/\/letempsmag.ma\/?p=7360"},"modified":"2021-08-11T23:25:07","modified_gmt":"2021-08-11T22:25:07","slug":"le-vrai-du-faux-autour-de-la-campagne-de-vaccination","status":"publish","type":"post","link":"https:\/\/letempsmag.ma\/?p=7360","title":{"rendered":"Le vrai du faux autour de la campagne de vaccination\u2026"},"content":{"rendered":"\n<p>La campagne de vaccination lanc\u00e9e au Maroc est \u00e0 l&#8217;origine d&#8217;un flot de \u00abfake-news\u00bb relay\u00e9es par des sites d&#8217;information et sur les r\u00e9seaux sociaux. L\u2019agence MAP a fait le tri entre l&#8217;intox et les bonnes informations pour une meilleure sensibilisation de l\u2019opinion publique&nbsp;:<\/p>\n\n\n\n<p>&#8211; Un haut responsable chinois admet la faible efficacit\u00e9 du vaccin chinois \u00abSinopharm\u00bb contre le \u00abCovid-19\u00bb. FAUX.<\/p>\n\n\n\n<p>&#8211; La rentr\u00e9e scolaire au Maroc sera report\u00e9e au mois de d\u00e9cembre en raison de la flamb\u00e9e des cas de contamination. FAUX.<\/p>\n\n\n\n<p>&#8211; D\u00e9c\u00e8s de cinq patients atteints de \u00abCovid-19\u00bb \u00e0 cause d&#8217;une p\u00e9nurie d&#8217;oxyg\u00e8ne \u00e0 l&#8217;h\u00f4pital Ibn Zohr \u00e0 Marrakech. FAUX<\/p>\n\n\n\n<p>&#8211; La pratique d\u2019une activit\u00e9 sportive intensive est conseill\u00e9e en cas d\u2019infection au \u00abCovid-19\u00bb. FAUX.<\/p>\n\n\n\n<p>&#8211; Singapour a r\u00e9alis\u00e9 des autopsies sur des individus d\u00e9c\u00e9d\u00e9s des suites du \u00abCovid-19\u00bb et a d\u00e9couvert que ces malades n&#8217;\u00e9taient pas des victimes du coronavirus, mais plut\u00f4t d&#8217;une bact\u00e9rie responsable de la coagulation du sang. FAUX.<\/p>\n\n\n\n<p>&#8211; A la date du 11 ao\u00fbt courant, 15.717.132 personnes ont \u00e9t\u00e9 vaccin\u00e9es contre le \u00abCovid-19\u00bb \u00e0 travers le Maroc dans le cadre de la premi\u00e8re dose, et 11.235.814 personnes dans le cadre de la deuxi\u00e8me dose. VRAI.<\/p>\n\n\n\n<p>&#8211; Am\u00e9nagement d\u2019un chapiteau suppl\u00e9mentaire \u00e0 Marrakech, d\u00e9di\u00e9 \u00e0 la prise en charge des cas de \u00abCovid-19\u00bb avec comme objectif d\u2019all\u00e9ger la pression sur les \u00e9tablissements hospitaliers de la ville. VRAI.<\/p>\n\n\n\n<p>&#8211; Une \u00e9tude r\u00e9alis\u00e9e et publi\u00e9e par une universit\u00e9 du Sri Lanka sur le vaccin \u00abSinopharm\u00bb a d\u00e9montr\u00e9 que le vaccin aide \u00e0 la production d\u2019anticorps avec plus de 95% de r\u00e9ussite. VRAI.<\/p>\n\n\n\n<p>&#8211; La campagne de vaccination anti-\u00abCovid-19\u00bb a \u00e9t\u00e9 \u00e9largie au Maroc \u00e0 la cat\u00e9gorie d\u2019\u00e2ge de 20 ans et plus. VRAI.<\/p>\n\n\n\n<p>&#8211; La France annonce la mise en place d\u2019un \u00abPass Sanitaire\u00bb pour les touristes \u00e9trangers extra-europ\u00e9ens vaccin\u00e9s avec l\u2019un des vaccins reconnus par l\u2019Agence Europ\u00e9enne des M\u00e9dicaments ou leurs \u00e9quivalents. VRAI.<\/p>\n","protected":false},"excerpt":{"rendered":"<p>La campagne de vaccination lanc\u00e9e au Maroc est \u00e0 l&#8217;origine d&#8217;un flot de \u00abfake-news\u00bb relay\u00e9es par des sites d&#8217;information et sur les r\u00e9seaux sociaux. L\u2019agence MAP a fait le tri entre l&#8217;intox et les bonnes informations pour une meilleure sensibilisation de l\u2019opinion publique&nbsp;: &#8211; Un haut responsable chinois admet la faible efficacit\u00e9 du vaccin chinois &hellip;<\/p>\n","protected":false},"author":9,"featured_media":7361,"comment_status":"open","ping_status":"closed","sticky":false,"template":"","format":"standard","meta":{"footnotes":""},"categories":[25],"tags":[],"class_list":["post-7360","post","type-post","status-publish","format-standard","has-post-thumbnail","hentry","category-covid-19"],"_links":{"self":[{"href":"https:\/\/letempsmag.ma\/index.php?rest_route=\/wp\/v2\/posts\/7360","targetHints":{"allow":["GET"]}}],"collection":[{"href":"https:\/\/letempsmag.ma\/index.php?rest_route=\/wp\/v2\/posts"}],"about":[{"href":"https:\/\/letempsmag.ma\/index.php?rest_route=\/wp\/v2\/types\/post"}],"author":[{"embeddable":true,"href":"https:\/\/letempsmag.ma\/index.php?rest_route=\/wp\/v2\/users\/9"}],"replies":[{"embeddable":true,"href":"https:\/\/letempsmag.ma\/index.php?rest_route=%2Fwp%2Fv2%2Fcomments&post=7360"}],"version-history":[{"count":1,"href":"https:\/\/letempsmag.ma\/index.php?rest_route=\/wp\/v2\/posts\/7360\/revisions"}],"predecessor-version":[{"id":7362,"href":"https:\/\/letempsmag.ma\/index.php?rest_route=\/wp\/v2\/posts\/7360\/revisions\/7362"}],"wp:featuredmedia":[{"embeddable":true,"href":"https:\/\/letempsmag.ma\/index.php?rest_route=\/wp\/v2\/media\/7361"}],"wp:attachment":[{"href":"https:\/\/letempsmag.ma\/index.php?rest_route=%2Fwp%2Fv2%2Fmedia&parent=7360"}],"wp:term":[{"taxonomy":"category","embeddable":true,"href":"https:\/\/letempsmag.ma\/index.php?rest_route=%2Fwp%2Fv2%2Fcategories&post=7360"},{"taxonomy":"post_tag","embeddable":true,"href":"https:\/\/letempsmag.ma\/index.php?rest_route=%2Fwp%2Fv2%2Ftags&post=7360"}],"curies":[{"name":"wp","href":"https:\/\/api.w.org\/{rel}","templated":true}]}}