{"id":7326,"date":"2021-08-11T07:37:00","date_gmt":"2021-08-11T06:37:00","guid":{"rendered":"https:\/\/letempsmag.ma\/?p=7326"},"modified":"2021-08-10T23:41:32","modified_gmt":"2021-08-10T22:41:32","slug":"de-nouvelles-secousses-enregistrees-hier-dans-la-province-de-driouch","status":"publish","type":"post","link":"https:\/\/letempsmag.ma\/?p=7326","title":{"rendered":"De nouvelles secousses enregistr\u00e9es hier dans la province de Driouch"},"content":{"rendered":"\n<p>De nouvelles secousses telluriques, de magnitudes comprises entre 3,7 et 3,8 degr\u00e9s sur l\u2019\u00e9chelle de Richter, ont \u00e9t\u00e9 enregistr\u00e9es hier mardi dans la province de Driouch, a r\u00e9v\u00e9l\u00e9 l\u2019Institut National de G\u00e9ophysique (ING). Le r\u00e9seau national de surveillance et d\u2019alerte sismique, relevant de l\u2019ING, pr\u00e9cise que la premi\u00e8re secousse (magnitude 3,8) a \u00e9t\u00e9 ressentie \u00e0 10h, 2min et 8sec. Elle est survenue \u00e0 une profondeur de 24 km. La deuxi\u00e8me secousse (magnitude 3,7) s\u2019est produite \u00e0 10h 4min et 21sec \u00e0 une profondeur de 12 km.<\/p>\n\n\n\n<p><strong>E. D.<\/strong><\/p>\n","protected":false},"excerpt":{"rendered":"<p>De nouvelles secousses telluriques, de magnitudes comprises entre 3,7 et 3,8 degr\u00e9s sur l\u2019\u00e9chelle de Richter, ont \u00e9t\u00e9 enregistr\u00e9es hier mardi dans la province de Driouch, a r\u00e9v\u00e9l\u00e9 l\u2019Institut National de G\u00e9ophysique (ING). Le r\u00e9seau national de surveillance et d\u2019alerte sismique, relevant de l\u2019ING, pr\u00e9cise que la premi\u00e8re secousse (magnitude 3,8) a \u00e9t\u00e9 ressentie \u00e0 &hellip;<\/p>\n","protected":false},"author":9,"featured_media":7327,"comment_status":"open","ping_status":"closed","sticky":false,"template":"","format":"standard","meta":{"footnotes":""},"categories":[346],"tags":[],"class_list":["post-7326","post","type-post","status-publish","format-standard","has-post-thumbnail","hentry","category-activite-tellurique"],"_links":{"self":[{"href":"https:\/\/letempsmag.ma\/index.php?rest_route=\/wp\/v2\/posts\/7326","targetHints":{"allow":["GET"]}}],"collection":[{"href":"https:\/\/letempsmag.ma\/index.php?rest_route=\/wp\/v2\/posts"}],"about":[{"href":"https:\/\/letempsmag.ma\/index.php?rest_route=\/wp\/v2\/types\/post"}],"author":[{"embeddable":true,"href":"https:\/\/letempsmag.ma\/index.php?rest_route=\/wp\/v2\/users\/9"}],"replies":[{"embeddable":true,"href":"https:\/\/letempsmag.ma\/index.php?rest_route=%2Fwp%2Fv2%2Fcomments&post=7326"}],"version-history":[{"count":1,"href":"https:\/\/letempsmag.ma\/index.php?rest_route=\/wp\/v2\/posts\/7326\/revisions"}],"predecessor-version":[{"id":7328,"href":"https:\/\/letempsmag.ma\/index.php?rest_route=\/wp\/v2\/posts\/7326\/revisions\/7328"}],"wp:featuredmedia":[{"embeddable":true,"href":"https:\/\/letempsmag.ma\/index.php?rest_route=\/wp\/v2\/media\/7327"}],"wp:attachment":[{"href":"https:\/\/letempsmag.ma\/index.php?rest_route=%2Fwp%2Fv2%2Fmedia&parent=7326"}],"wp:term":[{"taxonomy":"category","embeddable":true,"href":"https:\/\/letempsmag.ma\/index.php?rest_route=%2Fwp%2Fv2%2Fcategories&post=7326"},{"taxonomy":"post_tag","embeddable":true,"href":"https:\/\/letempsmag.ma\/index.php?rest_route=%2Fwp%2Fv2%2Ftags&post=7326"}],"curies":[{"name":"wp","href":"https:\/\/api.w.org\/{rel}","templated":true}]}}