{"id":7289,"date":"2021-08-10T07:34:00","date_gmt":"2021-08-10T06:34:00","guid":{"rendered":"https:\/\/letempsmag.ma\/?p=7289"},"modified":"2021-08-10T00:09:30","modified_gmt":"2021-08-09T23:09:30","slug":"5-043-nouvelles-contaminations-au-maroc-en-24-heures-et-701-325-cas-cumules","status":"publish","type":"post","link":"https:\/\/letempsmag.ma\/?p=7289","title":{"rendered":"5.043 nouvelles contaminations au Maroc en 24 heures et 701.325 cas cumul\u00e9s"},"content":{"rendered":"\n<p>Le Centre national des op\u00e9rations d&#8217;urgence de sant\u00e9 publique au minist\u00e8re de la Sant\u00e9 a annonc\u00e9, hier lundi \u00e0 16h, 5.043 nouveaux cas de \u00abCovid-19\u00bb, enregistr\u00e9s \u00e0 travers le Maroc, ce qui porte le bilan national cumul\u00e9 \u00e0 701.325 cas confirm\u00e9s depuis la premi\u00e8re infection enregistr\u00e9e le 2 mars 2020.<\/p>\n\n\n\n<p>Le minist\u00e8re signale par ailleurs que le nombre de personnes totalement r\u00e9tablies s\u2019\u00e9l\u00e8ve \u00e0 617.411 tandis que le nombre de d\u00e9c\u00e8s atteint 10.404 victimes. Le nombre total des cas exclus apr\u00e8s des r\u00e9sultats n\u00e9gatifs d&#8217;analyses effectu\u00e9es en laboratoire s&#8217;\u00e9l\u00e8ve d\u00e9sormais \u00e0 7.320.718.<\/p>\n\n\n\n<p>Les nouvelles contaminations ont \u00e9t\u00e9 recens\u00e9es dans les r\u00e9gions de Rabat-Sal\u00e9-K\u00e9nitra (1.129), Souss-Massa (883), Marrakech-Safi (820), Casablanca-Settat (645), Tanger-T\u00e9touan-Al Hoceima (414), l&#8217;Oriental (313), Dr\u00e2a-Tafilalet (259), B\u00e9ni Mellal-Kh\u00e9nifra (223), F\u00e8s-Mekn\u00e8s (132), Dakhla-Oued Eddahab (126), Guelmim-Oued Noun (80) et La\u00e2youne-Sakia El Hamra (19).<\/p>\n\n\n\n<p>Pr\u00e9cisons que la campagne nationale de vaccination est \u00e9largie \u00e0 la tranche d\u2019\u00e2ge des personnes de plus de 20 ans et aux personnes atteintes de maladies chroniques, annonce le minist\u00e8re de la Sant\u00e9.<\/p>\n\n\n\n<p>Pr\u00e9cisons aussi qu\u2019\u00e0 la date d\u2019hier, 15.342.370 personnes ont \u00e9t\u00e9 vaccin\u00e9es contre le \u00abCovid-19\u00bb \u00e0 travers le Maroc dans le cadre de la premi\u00e8re dose, et 11.069.848 personnes dans le cadre de la deuxi\u00e8me dose.<\/p>\n\n\n\n<p><strong>M. E.<\/strong><strong><\/strong><\/p>\n","protected":false},"excerpt":{"rendered":"<p>Le Centre national des op\u00e9rations d&#8217;urgence de sant\u00e9 publique au minist\u00e8re de la Sant\u00e9 a annonc\u00e9, hier lundi \u00e0 16h, 5.043 nouveaux cas de \u00abCovid-19\u00bb, enregistr\u00e9s \u00e0 travers le Maroc, ce qui porte le bilan national cumul\u00e9 \u00e0 701.325 cas confirm\u00e9s depuis la premi\u00e8re infection enregistr\u00e9e le 2 mars 2020. Le minist\u00e8re signale par ailleurs &hellip;<\/p>\n","protected":false},"author":9,"featured_media":7290,"comment_status":"open","ping_status":"closed","sticky":false,"template":"","format":"standard","meta":{"footnotes":""},"categories":[168],"tags":[],"class_list":["post-7289","post","type-post","status-publish","format-standard","has-post-thumbnail","hentry","category-pandemie-2"],"_links":{"self":[{"href":"https:\/\/letempsmag.ma\/index.php?rest_route=\/wp\/v2\/posts\/7289","targetHints":{"allow":["GET"]}}],"collection":[{"href":"https:\/\/letempsmag.ma\/index.php?rest_route=\/wp\/v2\/posts"}],"about":[{"href":"https:\/\/letempsmag.ma\/index.php?rest_route=\/wp\/v2\/types\/post"}],"author":[{"embeddable":true,"href":"https:\/\/letempsmag.ma\/index.php?rest_route=\/wp\/v2\/users\/9"}],"replies":[{"embeddable":true,"href":"https:\/\/letempsmag.ma\/index.php?rest_route=%2Fwp%2Fv2%2Fcomments&post=7289"}],"version-history":[{"count":1,"href":"https:\/\/letempsmag.ma\/index.php?rest_route=\/wp\/v2\/posts\/7289\/revisions"}],"predecessor-version":[{"id":7291,"href":"https:\/\/letempsmag.ma\/index.php?rest_route=\/wp\/v2\/posts\/7289\/revisions\/7291"}],"wp:featuredmedia":[{"embeddable":true,"href":"https:\/\/letempsmag.ma\/index.php?rest_route=\/wp\/v2\/media\/7290"}],"wp:attachment":[{"href":"https:\/\/letempsmag.ma\/index.php?rest_route=%2Fwp%2Fv2%2Fmedia&parent=7289"}],"wp:term":[{"taxonomy":"category","embeddable":true,"href":"https:\/\/letempsmag.ma\/index.php?rest_route=%2Fwp%2Fv2%2Fcategories&post=7289"},{"taxonomy":"post_tag","embeddable":true,"href":"https:\/\/letempsmag.ma\/index.php?rest_route=%2Fwp%2Fv2%2Ftags&post=7289"}],"curies":[{"name":"wp","href":"https:\/\/api.w.org\/{rel}","templated":true}]}}