{"id":7274,"date":"2021-08-10T07:30:00","date_gmt":"2021-08-10T06:30:00","guid":{"rendered":"https:\/\/letempsmag.ma\/?p=7274"},"modified":"2021-08-10T00:05:46","modified_gmt":"2021-08-09T23:05:46","slug":"moulay-hafid-elalamy-aux-etats-unis-pour-promouvoir-lexpertise-aeronautique-marocaine","status":"publish","type":"post","link":"https:\/\/letempsmag.ma\/?p=7274","title":{"rendered":"Moulay Hafid Elalamy aux Etats-Unis pour promouvoir l\u2019expertise a\u00e9ronautique marocaine"},"content":{"rendered":"\n<p>Moulay Hafid Elalamy, Ministre de l\u2019Industrie, du Commerce et de l\u2019Economie verte et num\u00e9rique, s\u2019est rendu hier lundi aux Etats-Unis dans pour une visite de travail visant \u00e0 promouvoir le potentiel du secteur a\u00e9ronautique marocain aupr\u00e8s des investisseurs am\u00e9ricains. La visite a, en effet, pour objectif de faire conna\u00eetre les atouts de la plateforme industrielle nationale et, plus particuli\u00e8rement l\u2019\u00e9cosyst\u00e8me Boeing, aupr\u00e8s des fournisseurs de l\u2019avionneur am\u00e9ricain dans la perspective de renforcer la cha\u00eene logistique locale par l\u2019implantation de nouveaux projets d\u2019investissement.<\/p>\n\n\n\n<p>Au programme de cette visite, le Ministre s\u2019entretiendra avec Stanley A.<a><\/a> Deal, Vice-Pr\u00e9sident Ex\u00e9cutif de Boeing et PDG de la filiale Boeing Commercial Airplanes, sur les avanc\u00e9es de l\u2019\u00e9cosyst\u00e8me a\u00e9ronautique et les perspectives de son d\u00e9veloppement technologique.<\/p>\n\n\n\n<p>Accompagn\u00e9 de repr\u00e9sentants du GIMAS (Groupement des Industries Marocaines A\u00e9ronautiques et Spatiales) et de l\u2019AMDIE (Agence Marocaine de D\u00e9veloppement des Investissements et des Exportations), le Ministre tiendra \u00e9galement, durant ce roadshow, une s\u00e9rie de rencontres \u00abB2B\u00bb avec des responsables de haut niveau, repr\u00e9sentant notamment des fournisseurs de Boeing dans les deux p\u00f4les a\u00e9ronautiques am\u00e9ricains de Seattle et Wichita.<\/p>\n","protected":false},"excerpt":{"rendered":"<p>Moulay Hafid Elalamy, Ministre de l\u2019Industrie, du Commerce et de l\u2019Economie verte et num\u00e9rique, s\u2019est rendu hier lundi aux Etats-Unis dans pour une visite de travail visant \u00e0 promouvoir le potentiel du secteur a\u00e9ronautique marocain aupr\u00e8s des investisseurs am\u00e9ricains. La visite a, en effet, pour objectif de faire conna\u00eetre les atouts de la plateforme industrielle &hellip;<\/p>\n","protected":false},"author":9,"featured_media":7276,"comment_status":"open","ping_status":"closed","sticky":false,"template":"","format":"standard","meta":{"footnotes":""},"categories":[298],"tags":[],"class_list":["post-7274","post","type-post","status-publish","format-standard","has-post-thumbnail","hentry","category-roadshow"],"_links":{"self":[{"href":"https:\/\/letempsmag.ma\/index.php?rest_route=\/wp\/v2\/posts\/7274","targetHints":{"allow":["GET"]}}],"collection":[{"href":"https:\/\/letempsmag.ma\/index.php?rest_route=\/wp\/v2\/posts"}],"about":[{"href":"https:\/\/letempsmag.ma\/index.php?rest_route=\/wp\/v2\/types\/post"}],"author":[{"embeddable":true,"href":"https:\/\/letempsmag.ma\/index.php?rest_route=\/wp\/v2\/users\/9"}],"replies":[{"embeddable":true,"href":"https:\/\/letempsmag.ma\/index.php?rest_route=%2Fwp%2Fv2%2Fcomments&post=7274"}],"version-history":[{"count":1,"href":"https:\/\/letempsmag.ma\/index.php?rest_route=\/wp\/v2\/posts\/7274\/revisions"}],"predecessor-version":[{"id":7275,"href":"https:\/\/letempsmag.ma\/index.php?rest_route=\/wp\/v2\/posts\/7274\/revisions\/7275"}],"wp:featuredmedia":[{"embeddable":true,"href":"https:\/\/letempsmag.ma\/index.php?rest_route=\/wp\/v2\/media\/7276"}],"wp:attachment":[{"href":"https:\/\/letempsmag.ma\/index.php?rest_route=%2Fwp%2Fv2%2Fmedia&parent=7274"}],"wp:term":[{"taxonomy":"category","embeddable":true,"href":"https:\/\/letempsmag.ma\/index.php?rest_route=%2Fwp%2Fv2%2Fcategories&post=7274"},{"taxonomy":"post_tag","embeddable":true,"href":"https:\/\/letempsmag.ma\/index.php?rest_route=%2Fwp%2Fv2%2Ftags&post=7274"}],"curies":[{"name":"wp","href":"https:\/\/api.w.org\/{rel}","templated":true}]}}