{"id":7253,"date":"2021-08-09T07:31:00","date_gmt":"2021-08-09T06:31:00","guid":{"rendered":"https:\/\/letempsmag.ma\/?p=7253"},"modified":"2021-08-09T01:51:26","modified_gmt":"2021-08-09T00:51:26","slug":"vers-lautre-de-mohamed-anzaoui-a-la-galerie-tangeroise-dar-dart","status":"publish","type":"post","link":"https:\/\/letempsmag.ma\/?p=7253","title":{"rendered":"\u00abVers l\u2019Autre\u00bb de Mohamed Anzaoui, \u00e0 la galerie tang\u00e9roise Dar D\u2019art"},"content":{"rendered":"\n<p>Depuis le 29 juillet dernier et jusqu\u2019au 30 ao\u00fbt prochain, la galerie tang\u00e9roise Dar D\u2019Art accueille une tr\u00e8s belle exposition picturale de l\u2019artiste autodidacte Mohamed Anzaoui, sous le th\u00e8me \u00abVers l\u2019Autre\u00bb. Comme chez la plupart des grands artistes, le travail d\u2019Anzaoui est une recherche scientifique et un questionnement sur l\u2019existence&#8230; Qui sommes-nous&nbsp;? O\u00f9 sommes-nous&nbsp;? O\u00f9 allons-nous&nbsp;?<\/p>\n\n\n\n<p>Son travail sur la mati\u00e8re cr\u00e9e une dimension permettant ce flottement galactique qui nous interpelle et nous pousse \u00e0 rechercher et \u00e0 nous questionner sur notre place dans le cosmos&nbsp;! Nous n\u2019avons plus d\u2019autres choix que de p\u00e9n\u00e9trer dans ses abysses astrales o\u00f9 tous se confond&nbsp;: personnages, \u00e9toiles dans la clart\u00e9 de la nuit&#8230; Toute cette symbiose nous rappelle un certain big-bang et notre dimension atomique devant toute la grandeur de l\u2019univers&nbsp;!<\/p>\n\n\n\n<p>N\u00e9 \u00e0 Asilah en 1964, Mohamed Anzaoui a \u00e9t\u00e9 initi\u00e9 \u00e0 la peinture dans les ateliers pour enfants du Moussem Culturel d\u2019Asilah. Il b\u00e9n\u00e9ficie en 2001 d\u2019un s\u00e9jour \u00e0 Paris, \u00e0 la Cit\u00e9 internationale des Arts, qui marquera sa vie professionnelle. Il commence \u00e0 exposer au d\u00e9but des ann\u00e9es 1990, d\u2019abord \u00e0 Asilah et ensuite un peu partout au Maroc et en Europe, notamment en Espagne et aux Pays-Bas. En 2000, avec l\u2019aide de Mouad Yebari et de Souha\u00efl Benazzouz, il cr\u00e9e L\u2019Atelier, lieu d\u2019expositions, d\u2019exp\u00e9riences et de convivialit\u00e9.<\/p>\n","protected":false},"excerpt":{"rendered":"<p>Depuis le 29 juillet dernier et jusqu\u2019au 30 ao\u00fbt prochain, la galerie tang\u00e9roise Dar D\u2019Art accueille une tr\u00e8s belle exposition picturale de l\u2019artiste autodidacte Mohamed Anzaoui, sous le th\u00e8me \u00abVers l\u2019Autre\u00bb. Comme chez la plupart des grands artistes, le travail d\u2019Anzaoui est une recherche scientifique et un questionnement sur l\u2019existence&#8230; Qui sommes-nous&nbsp;? O\u00f9 sommes-nous&nbsp;? O\u00f9 &hellip;<\/p>\n","protected":false},"author":9,"featured_media":7254,"comment_status":"open","ping_status":"closed","sticky":false,"template":"","format":"standard","meta":{"footnotes":""},"categories":[341],"tags":[],"class_list":["post-7253","post","type-post","status-publish","format-standard","has-post-thumbnail","hentry","category-exposition"],"_links":{"self":[{"href":"https:\/\/letempsmag.ma\/index.php?rest_route=\/wp\/v2\/posts\/7253","targetHints":{"allow":["GET"]}}],"collection":[{"href":"https:\/\/letempsmag.ma\/index.php?rest_route=\/wp\/v2\/posts"}],"about":[{"href":"https:\/\/letempsmag.ma\/index.php?rest_route=\/wp\/v2\/types\/post"}],"author":[{"embeddable":true,"href":"https:\/\/letempsmag.ma\/index.php?rest_route=\/wp\/v2\/users\/9"}],"replies":[{"embeddable":true,"href":"https:\/\/letempsmag.ma\/index.php?rest_route=%2Fwp%2Fv2%2Fcomments&post=7253"}],"version-history":[{"count":1,"href":"https:\/\/letempsmag.ma\/index.php?rest_route=\/wp\/v2\/posts\/7253\/revisions"}],"predecessor-version":[{"id":7255,"href":"https:\/\/letempsmag.ma\/index.php?rest_route=\/wp\/v2\/posts\/7253\/revisions\/7255"}],"wp:featuredmedia":[{"embeddable":true,"href":"https:\/\/letempsmag.ma\/index.php?rest_route=\/wp\/v2\/media\/7254"}],"wp:attachment":[{"href":"https:\/\/letempsmag.ma\/index.php?rest_route=%2Fwp%2Fv2%2Fmedia&parent=7253"}],"wp:term":[{"taxonomy":"category","embeddable":true,"href":"https:\/\/letempsmag.ma\/index.php?rest_route=%2Fwp%2Fv2%2Fcategories&post=7253"},{"taxonomy":"post_tag","embeddable":true,"href":"https:\/\/letempsmag.ma\/index.php?rest_route=%2Fwp%2Fv2%2Ftags&post=7253"}],"curies":[{"name":"wp","href":"https:\/\/api.w.org\/{rel}","templated":true}]}}