{"id":6907,"date":"2021-07-27T09:19:40","date_gmt":"2021-07-27T08:19:40","guid":{"rendered":"https:\/\/letempsmag.ma\/?p=6907"},"modified":"2021-07-27T09:19:41","modified_gmt":"2021-07-27T08:19:41","slug":"neuf-conventions-signees-pour-la-realisation-du-projet-cap-excellence","status":"publish","type":"post","link":"https:\/\/letempsmag.ma\/?p=6907","title":{"rendered":"Neuf conventions sign\u00e9es pour la r\u00e9alisation du projet \u00abCap Excellence\u00bb"},"content":{"rendered":"\n<p>Neuf conventions relatives \u00e0 la mise en \u0153uvre du projet \u00abCap Excellence\u00bb ont \u00e9t\u00e9 sign\u00e9es, hier lundi \u00e0 Rabat, entre Moulay Hafid Elalamy, Ministre de l\u2019Industrie, du Commerce et de l\u2019\u00c9conomie verte et num\u00e9rique, Saaid Amzazi, Ministre de l\u2019\u00c9ducation nationale, de la Formation professionnelle, de l\u2019Enseignement sup\u00e9rieur et de la Recherche scientifique, et Loubna Tricha, Directrice G\u00e9n\u00e9rale de l\u2019OFPPT (Office de la Formation Professionnelle et de la Promotion du Travail). \u00c9galement concern\u00e9s, les repr\u00e9sentants de diverses &nbsp;Associations professionnelles&nbsp;: Karim Cheikh, Pr\u00e9sident du GIMAS (Groupement des Industries Marocaines A\u00e9ronautiques et Spatiales), Abdelmoumen Hakim, Pr\u00e9sident de l\u2019AMICA (Association Marocaine pour l&#8217;Industrie et le Commerce Automobile), Fatima Zahra Alaoui, Directrice de l\u2019AMITH (Association Marocaine des Industries du Textile et de l&#8217;Habillement) et Redouane Mabchour, Vice-Pr\u00e9sident de la FMES (F\u00e9d\u00e9ration Marocaine de l&#8217;Externalisation des Services).<\/p>\n\n\n\n<p>Le projet \u00abCap Excellence\u00bb s\u2019inscrit dans la feuille de route relative au d\u00e9veloppement de la formation professionnelle, pr\u00e9sent\u00e9e devant S.M. le Roi Mohammed VI le 4 avril 2019, et dans le cadre de la concr\u00e9tisation du Plan d\u2019Acc\u00e9l\u00e9ration Industrielle faisant des ressources humaines et des comp\u00e9tences un atout majeur pour l\u2019attractivit\u00e9 de l\u2019investissement et le renforcement de la comp\u00e9titivit\u00e9 des entreprises marocaines.<\/p>\n\n\n\n<p>\u00abC\u2019est \u00e0 sa main-d\u2019\u0153uvre qualifi\u00e9e que le Maroc doit, en grande partie, sa renomm\u00e9e en tant que plateforme industrielle des plus comp\u00e9titives au monde. Gr\u00e2ce \u00e0 la haute sollicitude Royale, les Cit\u00e9s des M\u00e9tiers et des Comp\u00e9tences, qui seront d\u00e9ploy\u00e9es dans l\u2019ensemble des r\u00e9gions, permettront aux ressources humaines marocaines de se mettre au diapason de l\u2019\u00e9volution industrielle et \u00e0 la pointe de l\u2019innovation que connaissent les secteurs les plus techniques\u00bb, a d\u00e9clar\u00e9 Moulay Hafid Elalamy. Et de rappeler \u00e9galement l\u2019importance accord\u00e9e par le Nouveau Mod\u00e8le de D\u00e9veloppement du Maroc \u00e0 la formation en tant que choix strat\u00e9gique, mettant l\u2019accent notamment sur la gouvernance, la qualit\u00e9 et la diversification d\u2019offres adapt\u00e9es aux besoins du march\u00e9 de l\u2019emploi.<\/p>\n\n\n\n<p>Pour le d\u00e9ploiement des mini-cha\u00eenes industrielles p\u00e9dagogiques pr\u00e9vues dans le projet, trois seront g\u00e9n\u00e9ralistes avec des focus diff\u00e9rents au niveau de trois Cit\u00e9s des M\u00e9tiers et des Comp\u00e9tences&nbsp;: Souss Massa, l\u2019Oriental et Tanger-T\u00e9touan-Al Hoceima. La 4<sup>\u00e8me<\/sup> portera sur l\u2019industrie \u00ab4.0\u00bb au niveau de la Cit\u00e9s des M\u00e9tiers et des Comp\u00e9tences de Casablanca-Settat. Ces quatre mini-cha\u00eenes industrielles p\u00e9dagogiques auront pour finalit\u00e9 d\u2019offrir \u00e0 au moins 1.500 stagiaires par an un environnement d\u2019apprentissage proche de la r\u00e9alit\u00e9 de l\u2019entreprise et leur faciliter l\u2019assimilation et l\u2019acquisition du savoir-faire industriel.<\/p>\n\n\n\n<p>\u00c0 travers le Fonds de D\u00e9veloppement Industriel et des Investissements (FDII), le D\u00e9partement de l\u2019Industrie prendra en charge le co\u00fbt d\u2019achat des trois mini-cha\u00eenes g\u00e9n\u00e9ralistes \u00e0 hauteur de 30 millions DH (10 millions DH chacune) et de 2\/3 du co\u00fbt de la mini-cha\u00eene industrie \u00ab4.0\u00bb \u00e0 hauteur de 33,33 millions DH. Pour sa part, l\u2019OFPPT financera 1\/3 du co\u00fbt de la mini-cha\u00eene industrie \u00ab4.0\u00bb dans la limite de 16,67 millions DH. Pour chacune de ces mini-cha\u00eenes, l\u2019OFPPT assurera l\u2019acquisition et le fonctionnement ainsi que la mise en place des modules de formation ainsi que l\u2019affectation de formateurs qualifi\u00e9s.<\/p>\n\n\n\n<p><strong>M. E.<\/strong><\/p>\n","protected":false},"excerpt":{"rendered":"<p>Neuf conventions relatives \u00e0 la mise en \u0153uvre du projet \u00abCap Excellence\u00bb ont \u00e9t\u00e9 sign\u00e9es, hier lundi \u00e0 Rabat, entre Moulay Hafid Elalamy, Ministre de l\u2019Industrie, du Commerce et de l\u2019\u00c9conomie verte et num\u00e9rique, Saaid Amzazi, Ministre de l\u2019\u00c9ducation nationale, de la Formation professionnelle, de l\u2019Enseignement sup\u00e9rieur et de la Recherche scientifique, et Loubna Tricha, &hellip;<\/p>\n","protected":false},"author":9,"featured_media":6908,"comment_status":"open","ping_status":"closed","sticky":false,"template":"","format":"standard","meta":{"footnotes":""},"categories":[122],"tags":[],"class_list":["post-6907","post","type-post","status-publish","format-standard","has-post-thumbnail","hentry","category-competences"],"_links":{"self":[{"href":"https:\/\/letempsmag.ma\/index.php?rest_route=\/wp\/v2\/posts\/6907","targetHints":{"allow":["GET"]}}],"collection":[{"href":"https:\/\/letempsmag.ma\/index.php?rest_route=\/wp\/v2\/posts"}],"about":[{"href":"https:\/\/letempsmag.ma\/index.php?rest_route=\/wp\/v2\/types\/post"}],"author":[{"embeddable":true,"href":"https:\/\/letempsmag.ma\/index.php?rest_route=\/wp\/v2\/users\/9"}],"replies":[{"embeddable":true,"href":"https:\/\/letempsmag.ma\/index.php?rest_route=%2Fwp%2Fv2%2Fcomments&post=6907"}],"version-history":[{"count":1,"href":"https:\/\/letempsmag.ma\/index.php?rest_route=\/wp\/v2\/posts\/6907\/revisions"}],"predecessor-version":[{"id":6909,"href":"https:\/\/letempsmag.ma\/index.php?rest_route=\/wp\/v2\/posts\/6907\/revisions\/6909"}],"wp:featuredmedia":[{"embeddable":true,"href":"https:\/\/letempsmag.ma\/index.php?rest_route=\/wp\/v2\/media\/6908"}],"wp:attachment":[{"href":"https:\/\/letempsmag.ma\/index.php?rest_route=%2Fwp%2Fv2%2Fmedia&parent=6907"}],"wp:term":[{"taxonomy":"category","embeddable":true,"href":"https:\/\/letempsmag.ma\/index.php?rest_route=%2Fwp%2Fv2%2Fcategories&post=6907"},{"taxonomy":"post_tag","embeddable":true,"href":"https:\/\/letempsmag.ma\/index.php?rest_route=%2Fwp%2Fv2%2Ftags&post=6907"}],"curies":[{"name":"wp","href":"https:\/\/api.w.org\/{rel}","templated":true}]}}