{"id":6898,"date":"2021-07-26T08:40:02","date_gmt":"2021-07-26T07:40:02","guid":{"rendered":"https:\/\/letempsmag.ma\/?p=6898"},"modified":"2021-07-26T08:40:03","modified_gmt":"2021-07-26T07:40:03","slug":"lonmt-sinvestit-a-fond-dans-le-lancement-des-nouvelles-lignes-aeriennes-entre-les-deux-pays","status":"publish","type":"post","link":"https:\/\/letempsmag.ma\/?p=6898","title":{"rendered":"L\u2019ONMT s\u2019investit \u00e0 fond dans le lancement des nouvelles lignes a\u00e9riennes entre les deux pays"},"content":{"rendered":"\n<p>Hier dimanche 25 juillet, les deux premiers vols Tel Aviv-Marrakech op\u00e9r\u00e9s par les compagnies isra\u00e9liennes El Al et Israir ont atterri sur le tarmac de l\u2019a\u00e9roport international Marrakech-M\u00e9nara. Ces nouvelles lignes s\u2019inscrivent dans le sillage des discussions men\u00e9es par l\u2019Office National Marocain du Tourisme (ONMT) depuis plusieurs mois avec les professionnels du tourisme isra\u00e9lien. L\u2019Office s\u2019est en effet mobilis\u00e9, d\u00e8s la reprise des relations entre le Maroc et Isra\u00ebl, aupr\u00e8s des grands acteurs de la distribution et des voyages en Isra\u00ebl afin d&#8217;accompagner au mieux l&#8217;\u00e9tablissement de liaisons a\u00e9riennes directes entre les deux pays.<\/p>\n\n\n\n<p>Les Vice-Pr\u00e9sidents Ventes et Commercial de la compagnie El AI se sont d\u00e9plac\u00e9s pour l\u2019occasion et ont \u00e9t\u00e9 accueilli par Adel El Fakir, Directeur G\u00e9n\u00e9ral de l\u2019ONMT. Un m\u00e9morandum d\u2019entente a i \u00e9t\u00e9 sign\u00e9 entre l\u2019ONMT et la compagnie a\u00e9rienne El Al, d\u00e9finissant le cadre de la promotion de la destination Maroc en termes de marketing conjoint.<\/p>\n\n\n\n<p>Le vol d\u2019El Al transportait \u00e9galement \u00e0 son bord des professionnels du tourisme, ainsi qu\u2019une dizaine de journalistes et influenceurs isra\u00e9liens, convi\u00e9s par l\u2019ONMT. Ces invit\u00e9s s\u00e9journent au Maroc jusqu\u2019au jeudi 29 juillet prochain. L\u2019ONMT organise, \u00e0 cette occasion, une s\u00e9rie de rencontres, mettant en relation les professionnels marocains et isra\u00e9liens, \u00e0 Marrakech et \u00e0 Essaouira, afin de g\u00e9n\u00e9rer des retomb\u00e9es commerciales et m\u00e9diatiques pour la destination marocaine.<\/p>\n\n\n\n<p>\u00c0 noter qu\u2019El Al propose trois vols par semaine entre sa base de Tel Aviv-Ben Gourion et l\u2019a\u00e9roport Marrakech-M\u00e9nara, op\u00e9r\u00e9s en Boeing 737-900 ER pouvant accueillir 16 passagers en classe Affaires et 159 en Classe \u00c9conomique. \u00c0 compter du 10 ao\u00fbt prochain, El Al op\u00e8rera \u00e9galement trois rotations hebdomadaires vers l\u2019a\u00e9roport de Casablanca-Mohammed V.<\/p>\n\n\n\n<p>Signalons \u00e9galement qu\u2019une troisi\u00e8me compagnie a\u00e9rienne, Arkia, lancera ses vols \u00e0 partir du mois de septembre prochain sur le Maroc.<\/p>\n\n\n\n<p>Avec une diaspora marocaine estim\u00e9e \u00e0 800.000 personnes, le march\u00e9 isra\u00e9lien repr\u00e9sente un fort potentiel pour la destination Maroc. Actuellement, de 50.000 \u00e0 80.000 isra\u00e9liens visitent annuellement le Royaume. Un chiffre amen\u00e9 \u00e0 cro\u00eetre avec la multiplication des liaisons a\u00e9riennes entre les deux pays. Plus de 200.000 visiteurs isra\u00e9liens pourraient, en effet, \u00eatre attendus d\u00e8s la premi\u00e8re ann\u00e9e sur les diff\u00e9rents segments&nbsp;: tourisme familial, tourisme religieux, tourisme de loisirs, voyages d\u2019affaires, MICE&#8230;<\/p>\n\n\n\n<p>Pr\u00e9cisons enfin que les contacts commerciaux \u00e9tablis entre l\u2019ONMT et ces compagnies a\u00e9riennes isra\u00e9liennes vont permettre de consolider une importante capacit\u00e9 de si\u00e8ges en provenance de ce nouveau march\u00e9.<\/p>\n\n\n\n<p><strong>M. E.<\/strong><strong><\/strong><\/p>\n","protected":false},"excerpt":{"rendered":"<p>Hier dimanche 25 juillet, les deux premiers vols Tel Aviv-Marrakech op\u00e9r\u00e9s par les compagnies isra\u00e9liennes El Al et Israir ont atterri sur le tarmac de l\u2019a\u00e9roport international Marrakech-M\u00e9nara. Ces nouvelles lignes s\u2019inscrivent dans le sillage des discussions men\u00e9es par l\u2019Office National Marocain du Tourisme (ONMT) depuis plusieurs mois avec les professionnels du tourisme isra\u00e9lien. L\u2019Office &hellip;<\/p>\n","protected":false},"author":9,"featured_media":6899,"comment_status":"open","ping_status":"closed","sticky":false,"template":"","format":"standard","meta":{"footnotes":""},"categories":[317],"tags":[],"class_list":["post-6898","post","type-post","status-publish","format-standard","has-post-thumbnail","hentry","category-maroc-israel"],"_links":{"self":[{"href":"https:\/\/letempsmag.ma\/index.php?rest_route=\/wp\/v2\/posts\/6898","targetHints":{"allow":["GET"]}}],"collection":[{"href":"https:\/\/letempsmag.ma\/index.php?rest_route=\/wp\/v2\/posts"}],"about":[{"href":"https:\/\/letempsmag.ma\/index.php?rest_route=\/wp\/v2\/types\/post"}],"author":[{"embeddable":true,"href":"https:\/\/letempsmag.ma\/index.php?rest_route=\/wp\/v2\/users\/9"}],"replies":[{"embeddable":true,"href":"https:\/\/letempsmag.ma\/index.php?rest_route=%2Fwp%2Fv2%2Fcomments&post=6898"}],"version-history":[{"count":1,"href":"https:\/\/letempsmag.ma\/index.php?rest_route=\/wp\/v2\/posts\/6898\/revisions"}],"predecessor-version":[{"id":6900,"href":"https:\/\/letempsmag.ma\/index.php?rest_route=\/wp\/v2\/posts\/6898\/revisions\/6900"}],"wp:featuredmedia":[{"embeddable":true,"href":"https:\/\/letempsmag.ma\/index.php?rest_route=\/wp\/v2\/media\/6899"}],"wp:attachment":[{"href":"https:\/\/letempsmag.ma\/index.php?rest_route=%2Fwp%2Fv2%2Fmedia&parent=6898"}],"wp:term":[{"taxonomy":"category","embeddable":true,"href":"https:\/\/letempsmag.ma\/index.php?rest_route=%2Fwp%2Fv2%2Fcategories&post=6898"},{"taxonomy":"post_tag","embeddable":true,"href":"https:\/\/letempsmag.ma\/index.php?rest_route=%2Fwp%2Fv2%2Ftags&post=6898"}],"curies":[{"name":"wp","href":"https:\/\/api.w.org\/{rel}","templated":true}]}}