{"id":6830,"date":"2021-07-21T13:42:57","date_gmt":"2021-07-21T12:42:57","guid":{"rendered":"https:\/\/letempsmag.ma\/?p=6830"},"modified":"2021-07-21T13:42:58","modified_gmt":"2021-07-21T12:42:58","slug":"le-souverain-accomplit-la-priere-de-laid-a-fes-et-gracie-761-personnes","status":"publish","type":"post","link":"https:\/\/letempsmag.ma\/?p=6830","title":{"rendered":"Le Souverain accomplit la pri\u00e8re de l\u2019A\u00efd \u00e0 F\u00e8s et gracie 761 personnes"},"content":{"rendered":"\n<p>S.M. le Roi Mohammed VI, Amir Al-Mouminine, accompagn\u00e9 de S.A.R. le Prince H\u00e9ritier Moulay El Hassan et de S.A.R. le Prince Moulay Rachid, a accompli \u00e0 F\u00e8s aujourd\u2019hui, mercredi 10 Di Al Hijja 1442 de l\u2019H\u00e9gire, correspondant au 21 juillet 2021 la pri\u00e8re de l\u2019A\u00efd Al-Adha.<\/p>\n\n\n\n<p>Au vu de la poursuite des mesures pr\u00e9ventives qu\u2019implique l\u2019\u00e9volution de la situation sanitaire, le Souverain a bien voulu accomplir la pri\u00e8re de l\u2019A\u00efd sans pr\u00eache, \u00e0 l\u2019instar de fid\u00e8les \u00e0 travers le Royaume.<\/p>\n\n\n\n<p>Apr\u00e8s la pri\u00e8re, S.M. le Roi a proc\u00e9d\u00e9 au rituel du sacrifice, suivant en cela la tradition du Proph\u00e8te Sidna Mohammed. L&#8217;Imam a ensuite proc\u00e9d\u00e9 \u00e0 l&#8217;immolation du deuxi\u00e8me mouton rituel.<\/p>\n\n\n\n<p>Par ailleurs, le Souverain a accord\u00e9 sa Gr\u00e2ce, \u00e0 l&#8217;occasion de l&#8217;A\u00efd Al Adha, \u00e0 761 personnes, dont certaines sont en d\u00e9tention et d&#8217;autres en libert\u00e9, condamn\u00e9es par diff\u00e9rents tribunaux du Royaume, indique un communiqu\u00e9 du minist\u00e8re de la Justice dont voici le texte relay\u00e9 par la MAP&nbsp;: \u00abA l&#8217;occasion de l&#8217;A\u00efd Al Adha, S.M. le Roi Mohammed VI, que Dieu perp\u00e9tue sa gloire, a bien voulu accorder sa Gr\u00e2ce \u00e0 un ensemble de personnes condamn\u00e9es par diff\u00e9rents tribunaux du Royaume. Ces personnes sont au nombre de 761.<\/p>\n\n\n\n<p>Les b\u00e9n\u00e9ficiaires de la Gr\u00e2ce Royale, qui sont en d\u00e9tention, sont au nombre de 658 d\u00e9tenus se r\u00e9partissant comme suit&nbsp;:<\/p>\n\n\n\n<p>&#8211; Gr\u00e2ce sur le reliquat de la peine d&#8217;emprisonnement ou de r\u00e9clusion au profit de 5 d\u00e9tenus.<\/p>\n\n\n\n<p>&#8211; Remise de la peine d&#8217;emprisonnement ou de r\u00e9clusion au profit de 639 d\u00e9tenus.<\/p>\n\n\n\n<p>&#8211; Commutation de la peine perp\u00e9tuelle en peine \u00e0 temps au profit de 14 d\u00e9tenus.<\/p>\n\n\n\n<p>Les b\u00e9n\u00e9ficiaires de la Gr\u00e2ce Royale, qui sont en libert\u00e9, sont au nombre de 103 personnes se r\u00e9partissant comme suit&nbsp;:<\/p>\n\n\n\n<p>&#8211; Gr\u00e2ce sur la peine d&#8217;emprisonnement ou son reliquat au profit de 40 personnes.<\/p>\n\n\n\n<p>&#8211; Gr\u00e2ce sur la peine d&#8217;emprisonnement avec maintien de l&#8217;amende au profit de 4 personnes.<\/p>\n\n\n\n<p>&#8211; Gr\u00e2ce sur la peine d&#8217;amende au profit de 57 personnes.<\/p>\n\n\n\n<p>&#8211; Gr\u00e2ce sur la peine d&#8217;emprisonnement et d&#8217;amende au profit de 2 personnes.<\/p>\n\n\n\n<p>Puisse Dieu garder Sa Majest\u00e9 le Roi, source de cl\u00e9mence et de mis\u00e9ricorde, perp\u00e9tuer Sa gloire et pr\u00e9server son Altesse Royale le Prince H\u00e9ritier Moulay El Hassan ainsi que tous les membres de la Famille Royale\u00bb.<\/p>\n","protected":false},"excerpt":{"rendered":"<p>S.M. le Roi Mohammed VI, Amir Al-Mouminine, accompagn\u00e9 de S.A.R. le Prince H\u00e9ritier Moulay El Hassan et de S.A.R. le Prince Moulay Rachid, a accompli \u00e0 F\u00e8s aujourd\u2019hui, mercredi 10 Di Al Hijja 1442 de l\u2019H\u00e9gire, correspondant au 21 juillet 2021 la pri\u00e8re de l\u2019A\u00efd Al-Adha. Au vu de la poursuite des mesures pr\u00e9ventives qu\u2019implique &hellip;<\/p>\n","protected":false},"author":9,"featured_media":6831,"comment_status":"open","ping_status":"closed","sticky":false,"template":"","format":"standard","meta":{"footnotes":""},"categories":[307],"tags":[],"class_list":["post-6830","post","type-post","status-publish","format-standard","has-post-thumbnail","hentry","category-aid-al-adha"],"_links":{"self":[{"href":"https:\/\/letempsmag.ma\/index.php?rest_route=\/wp\/v2\/posts\/6830","targetHints":{"allow":["GET"]}}],"collection":[{"href":"https:\/\/letempsmag.ma\/index.php?rest_route=\/wp\/v2\/posts"}],"about":[{"href":"https:\/\/letempsmag.ma\/index.php?rest_route=\/wp\/v2\/types\/post"}],"author":[{"embeddable":true,"href":"https:\/\/letempsmag.ma\/index.php?rest_route=\/wp\/v2\/users\/9"}],"replies":[{"embeddable":true,"href":"https:\/\/letempsmag.ma\/index.php?rest_route=%2Fwp%2Fv2%2Fcomments&post=6830"}],"version-history":[{"count":1,"href":"https:\/\/letempsmag.ma\/index.php?rest_route=\/wp\/v2\/posts\/6830\/revisions"}],"predecessor-version":[{"id":6832,"href":"https:\/\/letempsmag.ma\/index.php?rest_route=\/wp\/v2\/posts\/6830\/revisions\/6832"}],"wp:featuredmedia":[{"embeddable":true,"href":"https:\/\/letempsmag.ma\/index.php?rest_route=\/wp\/v2\/media\/6831"}],"wp:attachment":[{"href":"https:\/\/letempsmag.ma\/index.php?rest_route=%2Fwp%2Fv2%2Fmedia&parent=6830"}],"wp:term":[{"taxonomy":"category","embeddable":true,"href":"https:\/\/letempsmag.ma\/index.php?rest_route=%2Fwp%2Fv2%2Fcategories&post=6830"},{"taxonomy":"post_tag","embeddable":true,"href":"https:\/\/letempsmag.ma\/index.php?rest_route=%2Fwp%2Fv2%2Ftags&post=6830"}],"curies":[{"name":"wp","href":"https:\/\/api.w.org\/{rel}","templated":true}]}}