{"id":6807,"date":"2021-07-20T10:24:29","date_gmt":"2021-07-20T09:24:29","guid":{"rendered":"https:\/\/letempsmag.ma\/?p=6807"},"modified":"2021-07-20T10:24:30","modified_gmt":"2021-07-20T09:24:30","slug":"12-blesses-dont-8-graves-dans-un-incendie-a-derb-el-fokara-a-casablanca","status":"publish","type":"post","link":"https:\/\/letempsmag.ma\/?p=6807","title":{"rendered":"12 bless\u00e9s, dont 8 graves, dans un incendie \u00e0 Derb El Fokara, \u00e0 Casablanca"},"content":{"rendered":"\n<p>Douze membres d\u2019une m\u00eame famille ont \u00e9t\u00e9 bless\u00e9s, dont huit gri\u00e8vement, dans un incendie qui s\u2019est d\u00e9clar\u00e9 hier lundi dans la matin\u00e9e, dans une maison au quarter Derb El Fokara, \u00e0 Casablanca. Les agents de la Protection civile ont r\u00e9ussi \u00e0 ma\u00eetriser l\u2019incendie, \u00e9vitant qu\u2019il s\u2019\u00e9tende aux habitations voisines, et \u00e0 \u00e9vacuer les victimes.<\/p>\n\n\n\n<p>Selon les proches des victimes, le feu s\u2019est d\u00e9clench\u00e9 apr\u00e8s qu\u2019un membre de cette famille, souffrant d\u2019asthme, se soit endormi en laissant une bougie allum\u00e9e, Une moto gar\u00e9e dans la cour de la maison aurait contribu\u00e9 \u00e0 attiser les flammes.<\/p>\n\n\n\n<p>Le manque de ventilation n\u00e9cessaire dans la maison et le d\u00e9clenchement de l\u2019incendie, au moment o\u00f9 les r\u00e9sidents \u00e9taient en sommeil, ont compliqu\u00e9 l\u2019op\u00e9ration d\u2019intervention. Huit personnes ont ainsi \u00e9t\u00e9 gri\u00e8vement bless\u00e9es, tandis que quatre autres souffrent de blessures l\u00e9g\u00e8res et d\u2019asphyxie en raison de l\u2019inhalation des fum\u00e9es.<\/p>\n\n\n\n<p>Deux camions citernes de la Protection civile ont \u00e9t\u00e9 utilis\u00e9s pour \u00e9teindre l\u2019incendie. Les personnes bless\u00e9es ont \u00e9t\u00e9 transport\u00e9es \u00e0 l\u2019h\u00f4pital Bouafi pour recevoir les soins n\u00e9cessaires.<\/p>\n\n\n\n<p><strong>A. A.<\/strong><\/p>\n","protected":false},"excerpt":{"rendered":"<p>Douze membres d\u2019une m\u00eame famille ont \u00e9t\u00e9 bless\u00e9s, dont huit gri\u00e8vement, dans un incendie qui s\u2019est d\u00e9clar\u00e9 hier lundi dans la matin\u00e9e, dans une maison au quarter Derb El Fokara, \u00e0 Casablanca. Les agents de la Protection civile ont r\u00e9ussi \u00e0 ma\u00eetriser l\u2019incendie, \u00e9vitant qu\u2019il s\u2019\u00e9tende aux habitations voisines, et \u00e0 \u00e9vacuer les victimes. Selon &hellip;<\/p>\n","protected":false},"author":9,"featured_media":6808,"comment_status":"open","ping_status":"closed","sticky":false,"template":"","format":"standard","meta":{"footnotes":""},"categories":[255],"tags":[],"class_list":["post-6807","post","type-post","status-publish","format-standard","has-post-thumbnail","hentry","category-faits-divers"],"_links":{"self":[{"href":"https:\/\/letempsmag.ma\/index.php?rest_route=\/wp\/v2\/posts\/6807","targetHints":{"allow":["GET"]}}],"collection":[{"href":"https:\/\/letempsmag.ma\/index.php?rest_route=\/wp\/v2\/posts"}],"about":[{"href":"https:\/\/letempsmag.ma\/index.php?rest_route=\/wp\/v2\/types\/post"}],"author":[{"embeddable":true,"href":"https:\/\/letempsmag.ma\/index.php?rest_route=\/wp\/v2\/users\/9"}],"replies":[{"embeddable":true,"href":"https:\/\/letempsmag.ma\/index.php?rest_route=%2Fwp%2Fv2%2Fcomments&post=6807"}],"version-history":[{"count":1,"href":"https:\/\/letempsmag.ma\/index.php?rest_route=\/wp\/v2\/posts\/6807\/revisions"}],"predecessor-version":[{"id":6809,"href":"https:\/\/letempsmag.ma\/index.php?rest_route=\/wp\/v2\/posts\/6807\/revisions\/6809"}],"wp:featuredmedia":[{"embeddable":true,"href":"https:\/\/letempsmag.ma\/index.php?rest_route=\/wp\/v2\/media\/6808"}],"wp:attachment":[{"href":"https:\/\/letempsmag.ma\/index.php?rest_route=%2Fwp%2Fv2%2Fmedia&parent=6807"}],"wp:term":[{"taxonomy":"category","embeddable":true,"href":"https:\/\/letempsmag.ma\/index.php?rest_route=%2Fwp%2Fv2%2Fcategories&post=6807"},{"taxonomy":"post_tag","embeddable":true,"href":"https:\/\/letempsmag.ma\/index.php?rest_route=%2Fwp%2Fv2%2Ftags&post=6807"}],"curies":[{"name":"wp","href":"https:\/\/api.w.org\/{rel}","templated":true}]}}