{"id":6787,"date":"2021-07-19T09:27:13","date_gmt":"2021-07-19T08:27:13","guid":{"rendered":"https:\/\/letempsmag.ma\/?p=6787"},"modified":"2021-07-19T09:27:15","modified_gmt":"2021-07-19T08:27:15","slug":"pas-de-priere-dans-les-mosquees-et-les-moussalas","status":"publish","type":"post","link":"https:\/\/letempsmag.ma\/?p=6787","title":{"rendered":"Pas de pri\u00e8re dans les mosqu\u00e9es et les Moussalas"},"content":{"rendered":"\n<p>Le minist\u00e8re des Habous et des Affaires islamiques a annonc\u00e9 qu&#8217;il a \u00e9t\u00e9 d\u00e9cid\u00e9 de ne pas accomplir la pri\u00e8re de l&#8217;A\u00efd Al-Adha aussi bien dans les Moussalas que dans les mosqu\u00e9es, en raison de l&#8217;affluence observ\u00e9e \u00e0 cette occasion et des difficult\u00e9s de garantir les conditions de distanciation.<\/p>\n\n\n\n<p>Dans un communiqu\u00e9 relay\u00e9 par la MAP, le minist\u00e8re indique que \u00ables mosqu\u00e9es restent ouvertes pour l\u2019accomplissement des cinq pri\u00e8res et de la pri\u00e8re du vendredi\u00bb, rappelant que \u00abcette mesure relative \u00e0 la pri\u00e8re de l&#8217;A\u00efd Al-Adha est une \u00abSounna\u00bb qui peut \u00eatre accomplie \u00e0 domicile. Le minist\u00e8re pr\u00e9cise que cette d\u00e9cision \u00aba pour finalit\u00e9 de pr\u00e9server la sant\u00e9 physique\u00bb des fid\u00e8les en ces temps de pand\u00e9mie.<\/p>\n\n\n\n<p><strong>M. E.<\/strong><\/p>\n","protected":false},"excerpt":{"rendered":"<p>Le minist\u00e8re des Habous et des Affaires islamiques a annonc\u00e9 qu&#8217;il a \u00e9t\u00e9 d\u00e9cid\u00e9 de ne pas accomplir la pri\u00e8re de l&#8217;A\u00efd Al-Adha aussi bien dans les Moussalas que dans les mosqu\u00e9es, en raison de l&#8217;affluence observ\u00e9e \u00e0 cette occasion et des difficult\u00e9s de garantir les conditions de distanciation. Dans un communiqu\u00e9 relay\u00e9 par la &hellip;<\/p>\n","protected":false},"author":9,"featured_media":6788,"comment_status":"open","ping_status":"closed","sticky":false,"template":"","format":"standard","meta":{"footnotes":""},"categories":[307],"tags":[],"class_list":["post-6787","post","type-post","status-publish","format-standard","has-post-thumbnail","hentry","category-aid-al-adha"],"_links":{"self":[{"href":"https:\/\/letempsmag.ma\/index.php?rest_route=\/wp\/v2\/posts\/6787","targetHints":{"allow":["GET"]}}],"collection":[{"href":"https:\/\/letempsmag.ma\/index.php?rest_route=\/wp\/v2\/posts"}],"about":[{"href":"https:\/\/letempsmag.ma\/index.php?rest_route=\/wp\/v2\/types\/post"}],"author":[{"embeddable":true,"href":"https:\/\/letempsmag.ma\/index.php?rest_route=\/wp\/v2\/users\/9"}],"replies":[{"embeddable":true,"href":"https:\/\/letempsmag.ma\/index.php?rest_route=%2Fwp%2Fv2%2Fcomments&post=6787"}],"version-history":[{"count":1,"href":"https:\/\/letempsmag.ma\/index.php?rest_route=\/wp\/v2\/posts\/6787\/revisions"}],"predecessor-version":[{"id":6789,"href":"https:\/\/letempsmag.ma\/index.php?rest_route=\/wp\/v2\/posts\/6787\/revisions\/6789"}],"wp:featuredmedia":[{"embeddable":true,"href":"https:\/\/letempsmag.ma\/index.php?rest_route=\/wp\/v2\/media\/6788"}],"wp:attachment":[{"href":"https:\/\/letempsmag.ma\/index.php?rest_route=%2Fwp%2Fv2%2Fmedia&parent=6787"}],"wp:term":[{"taxonomy":"category","embeddable":true,"href":"https:\/\/letempsmag.ma\/index.php?rest_route=%2Fwp%2Fv2%2Fcategories&post=6787"},{"taxonomy":"post_tag","embeddable":true,"href":"https:\/\/letempsmag.ma\/index.php?rest_route=%2Fwp%2Fv2%2Ftags&post=6787"}],"curies":[{"name":"wp","href":"https:\/\/api.w.org\/{rel}","templated":true}]}}