{"id":6709,"date":"2021-07-16T09:15:57","date_gmt":"2021-07-16T08:15:57","guid":{"rendered":"https:\/\/letempsmag.ma\/?p=6709"},"modified":"2021-07-16T09:15:58","modified_gmt":"2021-07-16T08:15:58","slug":"branle-bas-de-changement-a-la-tete-de-la-confederation-nationale-du-tourisme","status":"publish","type":"post","link":"https:\/\/letempsmag.ma\/?p=6709","title":{"rendered":"Branle-bas de changement \u00e0 la t\u00eate de la Conf\u00e9d\u00e9ration Nationale du Tourisme"},"content":{"rendered":"\n<p>Apr\u00e8s deux ann\u00e9es de pr\u00e9sidence qui ont d\u00e9j\u00e0 fait suite \u00e0 pr\u00e9c\u00e9dent mandat, l\u2019actuel Bureau de la Conf\u00e9d\u00e9ration Nationale du Tourisme (CNT) est en train de plier bagage pour laisser la place \u00e0 un nouveau team, actuellement en campagne pour briguer les r\u00eanes de cette puissante structure affili\u00e9e \u00e0 la CGEM (Conf\u00e9d\u00e9ration G\u00e9n\u00e9rale des Entreprises du Maroc).<\/p>\n\n\n\n<p>Les \u00e9lections pour la pr\u00e9sidence de la CNT interviennent, pr\u00e9cisons-le d\u2019embl\u00e9e, dans un contexte particulier, marqu\u00e9 par l&#8217;amorce d&#8217;une reprise de l&#8217;activit\u00e9 touristique tant attendue et esp\u00e9r\u00e9e, aussi bien par les professionnels que par les touristes.<\/p>\n\n\n\n<p>Deux bin\u00f4mes sont en lice pour ce fauteuil tr\u00e8s convoit\u00e9 au regard des valeurs de la CNT qui, de par sa force de proposition, de dynamisme et d&#8217;attraction, joue un r\u00f4le crucial et f\u00e9d\u00e9rateur durant cette p\u00e9riode de relance. Il s&#8217;agit du bin\u00f4me Hamid Bentahar (\u00e0 droite sur la photo) et Hicham Mhammedi Alaoui et du bin\u00f4me Jalil Benabbes T\u00e2arji (\u00e0 gauche sur la photo) et Aziz Cherif Alami. Les deux \u00e9quipes m\u00e8neront encore leur campagne jusqu&#8217;\u00e0 demain samedi 17 juillet, date de la tenue de l&#8217;Assembl\u00e9e g\u00e9n\u00e9rale \u00e9lective de la CNT. Les plis des candidats pour la pr\u00e9sidence ont \u00e9t\u00e9 ouverts le 2 juillet courant, \u00e0 Marrakech, lors du dernier Conseil d&#8217;administration tenue sous la pr\u00e9sidence d\u2019Abdellatif Kabbaj, dont le mandat \u00e0 la t\u00eate de la Conf\u00e9d\u00e9ration prend fin.<\/p>\n\n\n\n<p>Pour Hamid Bentahar, le dynamique Pr\u00e9sident du Conseil R\u00e9gional du Tourisme (CRT) de Marrakech-Safi et Pr\u00e9sident du groupe Accor Gestion Maroc, et Mhammedi Alaoui, co-fondateur de \u00abExp\u00e9rience Morocco\u00bb, agence de voyage premium, l&#8217;ambition est de doter la Conf\u00e9d\u00e9ration des outils n\u00e9cessaires pour repr\u00e9senter la profession et d\u00e9fendre ses int\u00e9r\u00eats pour assurer une relance viable et p\u00e9renne de l&#8217;activit\u00e9. Pour ce faire, le bin\u00f4me Bentahar-Alaoui a choisi la voie la plus courte, celle du contact direct avec les F\u00e9d\u00e9rations M\u00e9tiers et les repr\u00e9sentants associatifs r\u00e9gionaux du secteur, pour pr\u00e9senter son programme, mais aussi \u00e9couter les propositions des professionnels afin d&#8217;avoir une vision globale. \u00abDans un contexte \u00e9conomique o\u00f9 la demande touristique est mise sous tension et o\u00f9 la concurrence mondiale est intense, il est important de pr\u00e9server et de renforcer la comp\u00e9titivit\u00e9 de l&#8217;offre marocaine\u00bb, estime Hamid Bentahar qui a fait ses preuves de manager de haut vol en tant que Pr\u00e9sident du CRT de Marrakech-Safi, durant de nombreux mandats successifs.<\/p>\n\n\n\n<p>Pour sa part, le bin\u00f4me Jalil Benabbes T\u00e2arji et Aziz Cherif Alami ambitionne de piloter la reconstruction d&#8217;une CNT repr\u00e9sentative, cr\u00e9dible et forte, avec pour objectif de participer au pilotage strat\u00e9gique et op\u00e9rationnel du secteur du tourisme en \u00e9troite collaboration et en bonne intelligence avec les pouvoirs publics. La pr\u00e9servation de l&#8217;emploi, la relance, la reconqu\u00eate des parts de march\u00e9 figurent parmi les principales propositions du programme de ce bin\u00f4me.<\/p>\n\n\n\n<p>Deux candidatures donc pour un mandat de deux ans, avec le m\u00eame objectif ultime consistant \u00e0 faire briller la destination Maroc sur le plan international et donner un coup de fouet \u00e0 la croissance du secteur. La finalit\u00e9&nbsp;: assurer un retour rapide au niveau d&#8217;avant-crise et, pourquoi pas, le d\u00e9passer&nbsp;!<\/p>\n\n\n\n<p><strong>M. E.<\/strong><\/p>\n","protected":false},"excerpt":{"rendered":"<p>Apr\u00e8s deux ann\u00e9es de pr\u00e9sidence qui ont d\u00e9j\u00e0 fait suite \u00e0 pr\u00e9c\u00e9dent mandat, l\u2019actuel Bureau de la Conf\u00e9d\u00e9ration Nationale du Tourisme (CNT) est en train de plier bagage pour laisser la place \u00e0 un nouveau team, actuellement en campagne pour briguer les r\u00eanes de cette puissante structure affili\u00e9e \u00e0 la CGEM (Conf\u00e9d\u00e9ration G\u00e9n\u00e9rale des Entreprises &hellip;<\/p>\n","protected":false},"author":9,"featured_media":6710,"comment_status":"open","ping_status":"closed","sticky":false,"template":"","format":"standard","meta":{"footnotes":""},"categories":[262],"tags":[],"class_list":["post-6709","post","type-post","status-publish","format-standard","has-post-thumbnail","hentry","category-elections"],"_links":{"self":[{"href":"https:\/\/letempsmag.ma\/index.php?rest_route=\/wp\/v2\/posts\/6709","targetHints":{"allow":["GET"]}}],"collection":[{"href":"https:\/\/letempsmag.ma\/index.php?rest_route=\/wp\/v2\/posts"}],"about":[{"href":"https:\/\/letempsmag.ma\/index.php?rest_route=\/wp\/v2\/types\/post"}],"author":[{"embeddable":true,"href":"https:\/\/letempsmag.ma\/index.php?rest_route=\/wp\/v2\/users\/9"}],"replies":[{"embeddable":true,"href":"https:\/\/letempsmag.ma\/index.php?rest_route=%2Fwp%2Fv2%2Fcomments&post=6709"}],"version-history":[{"count":1,"href":"https:\/\/letempsmag.ma\/index.php?rest_route=\/wp\/v2\/posts\/6709\/revisions"}],"predecessor-version":[{"id":6711,"href":"https:\/\/letempsmag.ma\/index.php?rest_route=\/wp\/v2\/posts\/6709\/revisions\/6711"}],"wp:featuredmedia":[{"embeddable":true,"href":"https:\/\/letempsmag.ma\/index.php?rest_route=\/wp\/v2\/media\/6710"}],"wp:attachment":[{"href":"https:\/\/letempsmag.ma\/index.php?rest_route=%2Fwp%2Fv2%2Fmedia&parent=6709"}],"wp:term":[{"taxonomy":"category","embeddable":true,"href":"https:\/\/letempsmag.ma\/index.php?rest_route=%2Fwp%2Fv2%2Fcategories&post=6709"},{"taxonomy":"post_tag","embeddable":true,"href":"https:\/\/letempsmag.ma\/index.php?rest_route=%2Fwp%2Fv2%2Ftags&post=6709"}],"curies":[{"name":"wp","href":"https:\/\/api.w.org\/{rel}","templated":true}]}}